{"id":61529,"date":"2022-08-03T15:17:39","date_gmt":"2022-08-03T18:17:39","guid":{"rendered":"https:\/\/www.centraldenoticias.com.ar\/?p=61529"},"modified":"2022-08-03T15:17:39","modified_gmt":"2022-08-03T18:17:39","slug":"prision-preventiva-para-los-atacantes-del-camionero-que-intento-esquivar-un-piquete-y-murio","status":"publish","type":"post","link":"https:\/\/cdnoticias.com\/index.php\/2022\/08\/03\/prision-preventiva-para-los-atacantes-del-camionero-que-intento-esquivar-un-piquete-y-murio\/","title":{"rendered":"Prisi\u00f3n preventiva para los atacantes del camionero que intent\u00f3 esquivar un piquete y muri\u00f3"},"content":{"rendered":"<p>Dar\u00edo Javier Mart\u00edn, Fabi\u00e1n Paredes y Federico Javier Fern\u00e1ndez seguir\u00e1n detenidos por \u201chomicidio simple\u201d. Guillermo Jara falleci\u00f3 el 27 de junio en la ruta 65, cerca de Daireaux.<\/p>\n<p><!--more--><\/p>\n<hr \/>\n<p><strong>La Justicia resolvi\u00f3 la prisi\u00f3n preventiva de Dar\u00edo Javier Mart\u00edn, Fabi\u00e1n Paredes y Federico Javier Fern\u00e1ndez por el delito de \u201chomicidio simple\u201d en car\u00e1cter de coautores,<\/strong> en el marco de la<a href=\"https:\/\/cdnoticias.com\/index.php\/2022\/06\/28\/un-camionero-murio-investigan-si-sufrio-un-ataque-al-querer-escapar-de-un-piquete\/\" target=\"_blank\" rel=\"noopener\"> investigaci\u00f3n por el crimen del camionero Guillermo Andr\u00e9s Jara, quien recibi\u00f3 un piedrazo tras eludir un piquete de transportistas en la ciudad de Daireaux y la ruta provincial 65, y muri\u00f3<\/a>.<\/p>\n<p>&nbsp;<\/p>\n<p>La<strong> jueza de Garant\u00edas N\u00b0 1, Anastasia Marqu\u00e9s<\/strong>, quien dio la orden, se expres\u00f3 en la misma l\u00ednea que <strong>el fiscal Fabio Arcomano, de la UFI N\u00b0 3<\/strong>, que instruye el expediente.<\/p>\n<p>&nbsp;<\/p>\n<p>Con esta decisi\u00f3n, los tres acusados continuar\u00e1n detenidos, aunque <strong>ser\u00e1n trasladados a una Unidad Penal del Servicio Penitenciario bonaerense<\/strong>, <a href=\"https:\/\/cdnoticias.com\/index.php\/2022\/06\/28\/tres-detenidos-por-la-muerte-del-camionero-que-intento-esquivar-un-piquete-y-lo-apedrearon\/\" target=\"_blank\" rel=\"noopener\">tras permanecer alojados en las Comisar\u00edas de 9 de Julio, Vedia y General Viamonte<\/a>.<\/p>\n<p>&nbsp;<\/p>\n<p>En su decisi\u00f3n, la jueza Marqu\u00e9s valor\u00f3 en id\u00e9ntico sentido que el fiscal Arcomano la prueba, testimonios e indicios incorporados en el expediente y comparti\u00f3 la<strong> hip\u00f3tesis de la acci\u00f3n criminal plural, con roles para cada uno de los tres detenidos, en car\u00e1cter de coautores materiales del hecho.\u00a0<\/strong>El delito de homicidio simple tiene una pena de 8 a 25 a\u00f1os de prisi\u00f3n de efectivo cumplimiento.<\/p>\n<p>&nbsp;<\/p>\n<figure id=\"attachment_61530\" aria-describedby=\"caption-attachment-61530\" style=\"width: 800px\" class=\"wp-caption aligncenter\"><img data-recalc-dims=\"1\" loading=\"lazy\" decoding=\"async\" class=\"wp-image-61530 size-full\" src=\"https:\/\/i0.wp.com\/cdnoticias.com\/wp-content\/uploads\/2022\/08\/DIB-daireaux-crimen-Jara-detenidos-00.jpg?resize=800%2C438&#038;ssl=1\" alt=\"\" width=\"800\" height=\"438\" srcset=\"https:\/\/i0.wp.com\/cdnoticias.com\/wp-content\/uploads\/2022\/08\/DIB-daireaux-crimen-Jara-detenidos-00.jpg?w=800&amp;ssl=1 800w, https:\/\/i0.wp.com\/cdnoticias.com\/wp-content\/uploads\/2022\/08\/DIB-daireaux-crimen-Jara-detenidos-00.jpg?resize=300%2C164&amp;ssl=1 300w, https:\/\/i0.wp.com\/cdnoticias.com\/wp-content\/uploads\/2022\/08\/DIB-daireaux-crimen-Jara-detenidos-00.jpg?resize=768%2C420&amp;ssl=1 768w\" sizes=\"auto, (max-width: 800px) 100vw, 800px\" \/><figcaption id=\"caption-attachment-61530\" class=\"wp-caption-text\">Los tres detenidos por detener el cami\u00f3n y arrojar la piedra que mat\u00f3 a Guillermo Jara.<\/figcaption><\/figure>\n<p>&nbsp;<\/p>\n<blockquote><p>La declaraci\u00f3n de Fern\u00e1ndez, el \u00fanico de los detenidos que habl\u00f3 ante el fiscal, no modific\u00f3 el peso de la hip\u00f3tesis planteada por el Ministerio P\u00fablico Fiscal, y la magistrada entendi\u00f3 que se trat\u00f3 de una posici\u00f3n exculpatoria que no sopes\u00f3 con el resto de la causa.<\/p><\/blockquote>\n<p>&nbsp;<\/p>\n<p>En tanto,<strong> Pedro Goldenberg, abogado de Fern\u00e1ndez, expres\u00f3 en su momento sobre la declaraci\u00f3n de su defendido que \u201cse desvincul\u00f3 del ataque\u201d ya que solo iba de \u201cacompa\u00f1ante\u201d en la camioneta desde donde parti\u00f3 el proyectil.<\/strong> El letrado remarc\u00f3 que su cliente se subi\u00f3 a la camioneta Fiat Strada \u201cen calidad de acompa\u00f1ante\u201d y que \u201cno fue la persona que desde la caja de la camioneta arroj\u00f3 el cascote que le caus\u00f3 la muerte a Jara\u201d, lo que pod\u00eda probarse con videos.<\/p>\n<p>&nbsp;<\/p>\n<p><strong>Guillermo Andr\u00e9s Jara, de 45 a\u00f1os, oriundo de General Rodr\u00edguez, falleci\u00f3 el pasado 27 de junio<\/strong> como consecuencia de un piedrazo que recibi\u00f3 en la sien, del lado izquierdo. Su cami\u00f3n se despist\u00f3 y se estrell\u00f3 al costado de la ruta provincial 65.<\/p>\n<p>&nbsp;<\/p>\n<p>Jara quiso eludir uno de los piquetes de transportistas que reclamaban por el faltante de gasoil y los sobreprecios.<\/p>\n<p>&nbsp;<\/p>\n<p>Fuente: <em>Agencia DIB<\/em><\/p>\n","protected":false},"excerpt":{"rendered":"<p>Dar\u00edo Javier Mart\u00edn, Fabi\u00e1n Paredes y Federico Javier Fern\u00e1ndez seguir\u00e1n detenidos por \u201chomicidio simple\u201d. Guillermo Jara falleci\u00f3 el 27 de<\/p>\n","protected":false},"author":4,"featured_media":61531,"comment_status":"closed","ping_status":"closed","sticky":false,"template":"","format":"standard","meta":{"_jetpack_memberships_contains_paid_content":false,"footnotes":""},"categories":[6],"tags":[],"class_list":["post-61529","post","type-post","status-publish","format-standard","has-post-thumbnail","hentry","category-nacionales"],"jetpack_featured_media_url":"https:\/\/i0.wp.com\/cdnoticias.com\/wp-content\/uploads\/2022\/08\/DIB-Daireaux-pirquete-fallecido-00.jpg?fit=696%2C436&ssl=1","jetpack_sharing_enabled":true,"_links":{"self":[{"href":"https:\/\/cdnoticias.com\/index.php\/wp-json\/wp\/v2\/posts\/61529","targetHints":{"allow":["GET"]}}],"collection":[{"href":"https:\/\/cdnoticias.com\/index.php\/wp-json\/wp\/v2\/posts"}],"about":[{"href":"https:\/\/cdnoticias.com\/index.php\/wp-json\/wp\/v2\/types\/post"}],"author":[{"embeddable":true,"href":"https:\/\/cdnoticias.com\/index.php\/wp-json\/wp\/v2\/users\/4"}],"replies":[{"embeddable":true,"href":"https:\/\/cdnoticias.com\/index.php\/wp-json\/wp\/v2\/comments?post=61529"}],"version-history":[{"count":0,"href":"https:\/\/cdnoticias.com\/index.php\/wp-json\/wp\/v2\/posts\/61529\/revisions"}],"wp:featuredmedia":[{"embeddable":true,"href":"https:\/\/cdnoticias.com\/index.php\/wp-json\/wp\/v2\/media\/61531"}],"wp:attachment":[{"href":"https:\/\/cdnoticias.com\/index.php\/wp-json\/wp\/v2\/media?parent=61529"}],"wp:term":[{"taxonomy":"category","embeddable":true,"href":"https:\/\/cdnoticias.com\/index.php\/wp-json\/wp\/v2\/categories?post=61529"},{"taxonomy":"post_tag","embeddable":true,"href":"https:\/\/cdnoticias.com\/index.php\/wp-json\/wp\/v2\/tags?post=61529"}],"curies":[{"name":"wp","href":"https:\/\/api.w.org\/{rel}","templated":true}]}}