{"id":61523,"date":"2022-08-03T10:17:14","date_gmt":"2022-08-03T13:17:14","guid":{"rendered":"https:\/\/www.centraldenoticias.com.ar\/?p=61523"},"modified":"2022-08-03T10:17:14","modified_gmt":"2022-08-03T13:17:14","slug":"denunciaron-cobro-indebido-de-los-medicos-ante-la-titular-regional-de-ioma","status":"publish","type":"post","link":"https:\/\/cdnoticias.com\/index.php\/2022\/08\/03\/denunciaron-cobro-indebido-de-los-medicos-ante-la-titular-regional-de-ioma\/","title":{"rendered":"Denunciaron cobro indebido de los m\u00e9dicos ante la titular regional de IOMA"},"content":{"rendered":"<p>Celeste Irigoyemborde indic\u00f3 que \u201cno corresponde dicho cobro\u201d y que \u201cpidan factura para poder reintegrarles el dinero\u201d.<!--more--><\/p>\n<hr \/>\n<p>Representantes de sindicatos de distintas ciudades reclamaron ante la titular regional de IOMA, Celeste Irigoyemborde, el <strong>pago extra de $1000 que se les exige a los afiliados y afiliadas.<\/strong><\/p>\n<p>&nbsp;<\/p>\n<p>Irigoyemborde indic\u00f3 que \u201cante este reclamo nosotros volvemos a insistir en la necesidad de <strong>que pidan factura para poder reintegrarles el dinero y cabe aclarar que sin factura igual pueden denunciar, ya que no corresponde dicho cobro<\/strong>\u201d.<\/p>\n<p>&nbsp;<\/p>\n<p>Adem\u00e1s de las denuncias tambi\u00e9n abordaron la necesidad de seguir trabajando para lograr un <strong>convenio con anestesistas y la apertura de Policonsultorios del IOMA.<\/strong><\/p>\n<p>&nbsp;<\/p>\n<p>En esa l\u00ednea Irigoyemborde agreg\u00f3: \u201cproponemos reuniones peri\u00f3dicas con integrantes de distintos sindicatos para explicar situaciones puntuales correspondientes a la obra social y que esta informaci\u00f3n les llegue directamente a los afiliados y las afiliadas\u201d.<\/p>\n<p>&nbsp;<\/p>\n<p>Del encuentro participaron, Carla Bascones y Veronica Danelli (SUTEBA Olavarr\u00eda), Cecilia Ramos y Margot Grosso (SUTEBA Tapalqu\u00e9), Alejandra Egoscuadra (SUTEBA Azul), Mar\u00eda Haid\u00e9 Calvo (ATE Olavarr\u00eda), Mariana Conlon (FEB-UDO Olavarr\u00eda) y Mat\u00edas Nu\u00f1ez (UDOCBA Olavarr\u00eda).<\/p>\n","protected":false},"excerpt":{"rendered":"<p>Celeste Irigoyemborde indic\u00f3 que \u201cno corresponde dicho cobro\u201d y que \u201cpidan factura para poder reintegrarles el dinero\u201d.<\/p>\n","protected":false},"author":5,"featured_media":61526,"comment_status":"closed","ping_status":"closed","sticky":false,"template":"","format":"standard","meta":{"_jetpack_memberships_contains_paid_content":false,"footnotes":""},"categories":[5,1],"tags":[],"class_list":["post-61523","post","type-post","status-publish","format-standard","has-post-thumbnail","hentry","category-informacion-general","category-portada"],"jetpack_featured_media_url":"https:\/\/i0.wp.com\/cdnoticias.com\/wp-content\/uploads\/2022\/08\/reunion-IOMA.jpg?fit=1245%2C747&ssl=1","jetpack_sharing_enabled":true,"_links":{"self":[{"href":"https:\/\/cdnoticias.com\/index.php\/wp-json\/wp\/v2\/posts\/61523","targetHints":{"allow":["GET"]}}],"collection":[{"href":"https:\/\/cdnoticias.com\/index.php\/wp-json\/wp\/v2\/posts"}],"about":[{"href":"https:\/\/cdnoticias.com\/index.php\/wp-json\/wp\/v2\/types\/post"}],"author":[{"embeddable":true,"href":"https:\/\/cdnoticias.com\/index.php\/wp-json\/wp\/v2\/users\/5"}],"replies":[{"embeddable":true,"href":"https:\/\/cdnoticias.com\/index.php\/wp-json\/wp\/v2\/comments?post=61523"}],"version-history":[{"count":0,"href":"https:\/\/cdnoticias.com\/index.php\/wp-json\/wp\/v2\/posts\/61523\/revisions"}],"wp:featuredmedia":[{"embeddable":true,"href":"https:\/\/cdnoticias.com\/index.php\/wp-json\/wp\/v2\/media\/61526"}],"wp:attachment":[{"href":"https:\/\/cdnoticias.com\/index.php\/wp-json\/wp\/v2\/media?parent=61523"}],"wp:term":[{"taxonomy":"category","embeddable":true,"href":"https:\/\/cdnoticias.com\/index.php\/wp-json\/wp\/v2\/categories?post=61523"},{"taxonomy":"post_tag","embeddable":true,"href":"https:\/\/cdnoticias.com\/index.php\/wp-json\/wp\/v2\/tags?post=61523"}],"curies":[{"name":"wp","href":"https:\/\/api.w.org\/{rel}","templated":true}]}}