{"id":61515,"date":"2022-08-02T20:45:51","date_gmt":"2022-08-03T12:29:33","guid":{"rendered":"https:\/\/www.centraldenoticias.com.ar\/?p=61515"},"modified":"2025-02-02T20:40:10","modified_gmt":"2025-02-02T23:40:10","slug":"alta-medica-para-el-motociclista-accidentado-en-el-superbike-bonaerense","status":"publish","type":"post","link":"https:\/\/cdnoticias.com\/index.php\/2022\/08\/02\/alta-medica-para-el-motociclista-accidentado-en-el-superbike-bonaerense\/","title":{"rendered":"Alta m\u00e9dica para el motociclista accidentado en el Superbike Bonaerense"},"content":{"rendered":"<p>Mart\u00edn Villarreal recibi\u00f3 en las \u00faltimas horas el alta m\u00e9dica tras accidentarse el pasado s\u00e1bado en las series de clasificaci\u00f3n del Superbike Bonaerense.<!--more--><\/p>\n<hr \/>\n<p>Luego del grave accidente sufrido en la pista del aut\u00f3dromo local, el oriundo de Bol\u00edvar recibi\u00f3 el alta m\u00e9dica pero con la condici\u00f3n de someterse a una nueva intervenci\u00f3n quir\u00fargica en los pr\u00f3ximos d\u00edas.<\/p>\n<p>&nbsp;<\/p>\n<p>El piloto del equipo de Celi Competici\u00f3n hab\u00eda sufri\u00f3 fractura de \u00f3rbita izquierda y de maxilar inferior y tambi\u00e9n una quebradura expuesta en uno de sus brazos que le implicar\u00e1 una nueva intervenci\u00f3n el pr\u00f3ximo 12 de agosto.<\/p>\n<p>&nbsp;<\/p>\n<p>Villarreal hab\u00eda recibido en el Hospital Municipal las primeras curaciones y luego trasladado a un instituto privado en La Plata donde permaneci\u00f3 internado hasta recibir el permiso de continuar con la recuperaci\u00f3n en su domicilio.<\/p>\n","protected":false},"excerpt":{"rendered":"<p>Mart\u00edn Villarreal recibi\u00f3 en las \u00faltimas horas el alta m\u00e9dica tras accidentarse el pasado s\u00e1bado en las series de clasificaci\u00f3n<\/p>\n","protected":false},"author":96739694,"featured_media":150088,"comment_status":"closed","ping_status":"closed","sticky":false,"template":"","format":"standard","meta":{"_jetpack_memberships_contains_paid_content":false,"footnotes":""},"categories":[30,1],"tags":[],"class_list":["post-61515","post","type-post","status-publish","format-standard","has-post-thumbnail","hentry","category-polideportivo","category-portada"],"jetpack_featured_media_url":"https:\/\/i0.wp.com\/cdnoticias.com\/wp-content\/uploads\/2022\/07\/superbike-bonaerense-0.jpg?fit=800%2C445&ssl=1","jetpack_sharing_enabled":true,"_links":{"self":[{"href":"https:\/\/cdnoticias.com\/index.php\/wp-json\/wp\/v2\/posts\/61515","targetHints":{"allow":["GET"]}}],"collection":[{"href":"https:\/\/cdnoticias.com\/index.php\/wp-json\/wp\/v2\/posts"}],"about":[{"href":"https:\/\/cdnoticias.com\/index.php\/wp-json\/wp\/v2\/types\/post"}],"author":[{"embeddable":true,"href":"https:\/\/cdnoticias.com\/index.php\/wp-json\/wp\/v2\/users\/96739694"}],"replies":[{"embeddable":true,"href":"https:\/\/cdnoticias.com\/index.php\/wp-json\/wp\/v2\/comments?post=61515"}],"version-history":[{"count":0,"href":"https:\/\/cdnoticias.com\/index.php\/wp-json\/wp\/v2\/posts\/61515\/revisions"}],"wp:featuredmedia":[{"embeddable":true,"href":"https:\/\/cdnoticias.com\/index.php\/wp-json\/wp\/v2\/media\/150088"}],"wp:attachment":[{"href":"https:\/\/cdnoticias.com\/index.php\/wp-json\/wp\/v2\/media?parent=61515"}],"wp:term":[{"taxonomy":"category","embeddable":true,"href":"https:\/\/cdnoticias.com\/index.php\/wp-json\/wp\/v2\/categories?post=61515"},{"taxonomy":"post_tag","embeddable":true,"href":"https:\/\/cdnoticias.com\/index.php\/wp-json\/wp\/v2\/tags?post=61515"}],"curies":[{"name":"wp","href":"https:\/\/api.w.org\/{rel}","templated":true}]}}