{"id":61509,"date":"2022-08-03T11:10:54","date_gmt":"2022-08-03T14:10:54","guid":{"rendered":"https:\/\/www.centraldenoticias.com.ar\/?p=61509"},"modified":"2022-08-03T12:01:34","modified_gmt":"2022-08-03T15:01:34","slug":"robo-de-canos-de-gas-hay-varias-victimas-y-se-pidio-la-detencion-del-sospechoso","status":"publish","type":"post","link":"https:\/\/cdnoticias.com\/index.php\/2022\/08\/03\/robo-de-canos-de-gas-hay-varias-victimas-y-se-pidio-la-detencion-del-sospechoso\/","title":{"rendered":"Robo de ca\u00f1os de gas: hay varias v\u00edctimas y se pidi\u00f3 la detenci\u00f3n del sospechoso"},"content":{"rendered":"<p>El caso se difundi\u00f3 este martes. El acusado de \u201cintento de robo\u201d no declar\u00f3 ante el fiscal Christian Url\u00e9zaga. Algunos afectados se detectaron a trav\u00e9s de Camuzzi.<!--more--><\/p>\n<hr \/>\n<p>Este martes se difundi\u00f3 de forma oficial que <a href=\"https:\/\/cdnoticias.com\/index.php\/2022\/08\/02\/un-hombre-fue-aprehendido-luego-de-robar-canos-de-bronce\/\" target=\"_blank\" rel=\"noopener\">un hombre de 39 a\u00f1os fue aprehendido acusado por haber robado ca\u00f1os de gas de bronce<\/a>. La aprehensi\u00f3n se dio en Pourtal\u00e9 y Dorrego hacia la 1.10 de la madrugada del martes.<strong> Los ca\u00f1os fueron recuperados e incorporados como elementos probatorios<\/strong> a la causa penal iniciada por <strong>\u201crobo infraganti delito en grado de tentativa\u201d<\/strong> a cargo de la UFI N\u00b0 7 del doctor Christian Urlezaga.<\/p>\n<p>&nbsp;<\/p>\n<p><strong>Central de Noticias<\/strong> pudo saber que <strong>los robos se cometieron en viviendas de Pourtal\u00e9 al 2600 y hasta el momento se detectaron seis v\u00edctimas<\/strong>, en funci\u00f3n de la cantidad de ca\u00f1os secuestrados as\u00ed como tambi\u00e9n en cuanto a llamados que recibi\u00f3 la empresa Camuzzi en nuestra ciudad por usuarios que expusieron problemas con el servicio.<\/p>\n<p>&nbsp;<\/p>\n<p>En ese sentido, <strong>parte de la labor de los investigadores es establecer la dimensi\u00f3n del robo<\/strong> en cuanto a la cantidad de afectados. Actualmente quienes se presentaron son propietarios se domicilios particulares.<\/p>\n<p>&nbsp;<\/p>\n<p>En tanto, <strong>el acusado sigue alojado en la sede de la seccional Primera<\/strong>. El martes fue trasladado a la sed del Poder Judicial de Olavarr\u00eda para que se desarrolle la audiencia en los t\u00e9rminos del art\u00edculo 308. Ante el fiscal Url\u00e9zaga <strong>el hombre hizo uso de su derecho a negarse a declarar<\/strong> y fue informado de las acusaciones en su contra.<\/p>\n<p>&nbsp;<\/p>\n<p>Adem\u00e1s, <strong>el fiscal pidi\u00f3 su detenci\u00f3n<\/strong>, algo que deber\u00e1 resolver el Juzgado de Garant\u00edas en turno.<\/p>\n<p>&nbsp;<\/p>\n<p>Si bien el delito que se imputa es de baja calificaci\u00f3n, en este caso se supo que<strong> la Fiscal\u00eda decidi\u00f3 avanzar con el pedido de detenci\u00f3n dada la \u201cpeligrosidad\u201d de la maniobra de robo<\/strong>: el hombre est\u00e1 acusado de haber retirado los llamados \u201cflexibles\u201d en uso de las casillas de gas de las viviendas.<\/p>\n","protected":false},"excerpt":{"rendered":"<p>El caso se difundi\u00f3 este martes. El acusado de \u201cintento de robo\u201d no declar\u00f3 ante el fiscal Christian Url\u00e9zaga. Algunos<\/p>\n","protected":false},"author":4,"featured_media":61456,"comment_status":"closed","ping_status":"closed","sticky":false,"template":"","format":"standard","meta":{"_jetpack_memberships_contains_paid_content":false,"footnotes":""},"categories":[14,1],"tags":[],"class_list":["post-61509","post","type-post","status-publish","format-standard","has-post-thumbnail","hentry","category-policiales","category-portada"],"jetpack_featured_media_url":"https:\/\/i0.wp.com\/cdnoticias.com\/wp-content\/uploads\/2022\/08\/aprehendido-pourtale-y-dorrego.jpg?fit=1440%2C864&ssl=1","jetpack_sharing_enabled":true,"_links":{"self":[{"href":"https:\/\/cdnoticias.com\/index.php\/wp-json\/wp\/v2\/posts\/61509","targetHints":{"allow":["GET"]}}],"collection":[{"href":"https:\/\/cdnoticias.com\/index.php\/wp-json\/wp\/v2\/posts"}],"about":[{"href":"https:\/\/cdnoticias.com\/index.php\/wp-json\/wp\/v2\/types\/post"}],"author":[{"embeddable":true,"href":"https:\/\/cdnoticias.com\/index.php\/wp-json\/wp\/v2\/users\/4"}],"replies":[{"embeddable":true,"href":"https:\/\/cdnoticias.com\/index.php\/wp-json\/wp\/v2\/comments?post=61509"}],"version-history":[{"count":0,"href":"https:\/\/cdnoticias.com\/index.php\/wp-json\/wp\/v2\/posts\/61509\/revisions"}],"wp:featuredmedia":[{"embeddable":true,"href":"https:\/\/cdnoticias.com\/index.php\/wp-json\/wp\/v2\/media\/61456"}],"wp:attachment":[{"href":"https:\/\/cdnoticias.com\/index.php\/wp-json\/wp\/v2\/media?parent=61509"}],"wp:term":[{"taxonomy":"category","embeddable":true,"href":"https:\/\/cdnoticias.com\/index.php\/wp-json\/wp\/v2\/categories?post=61509"},{"taxonomy":"post_tag","embeddable":true,"href":"https:\/\/cdnoticias.com\/index.php\/wp-json\/wp\/v2\/tags?post=61509"}],"curies":[{"name":"wp","href":"https:\/\/api.w.org\/{rel}","templated":true}]}}