{"id":61505,"date":"2022-08-03T08:06:27","date_gmt":"2022-08-03T11:06:27","guid":{"rendered":"https:\/\/www.centraldenoticias.com.ar\/?p=61505"},"modified":"2022-08-03T08:06:27","modified_gmt":"2022-08-03T11:06:27","slug":"emma-lucia-beltran-viuda-de-vena-q-e-p-d","status":"publish","type":"post","link":"https:\/\/cdnoticias.com\/index.php\/2022\/08\/03\/emma-lucia-beltran-viuda-de-vena-q-e-p-d\/","title":{"rendered":"Emma Luc\u00eda Beltr\u00e1n viuda de Vena (Q.E.P.D.)"},"content":{"rendered":"<p><span style=\"font-family: Liberation Serif, serif;\"><span style=\"font-size: medium;\">Falleci\u00f3 en Olavarr\u00eda el 2 de agosto de 2022 a los 82 a\u00f1os de edad. Sus hijos Mar\u00eda de los \u00c1ngeles y Ra\u00fal Adolfo Vena. Sus hijos pol\u00edticos Jos\u00e9 Antonio Fern\u00e1ndez y Mar\u00eda de los \u00c1ngeles Gallo. Sus nietos Sebasti\u00e1n y Paloma Fern\u00e1ndez, Thiago Vena. Su hermana Susana Beltr\u00e1n. Su hermano <\/span><\/span><span style=\"font-family: Liberation Serif, serif;\"><span style=\"font-size: medium;\">pol\u00edtico Miguel Oyanto. Sus sobrinos y dem\u00e1s deudos participan su fallecimiento.<\/span><\/span><\/p>\n<p>&nbsp;<\/p>\n<p><span style=\"font-family: Liberation Serif, serif;\"><span style=\"font-size: medium;\">Sus restos ser\u00e1n velados en Sala &#8220;D&#8221; de Espa\u00f1a 2942, este mi\u00e9rcoles 3 de agosto de 8:00 a 11:30, y ser\u00e1n inhumados en el cementerio Loma de Paz a las 11:30, previo responso en la capilla ardiente. Vecina de barrio Manuel Belgrano. Nacida en Laprida. Jubilada y Pensionada.<\/span><\/span><\/p>\n","protected":false},"excerpt":{"rendered":"<p>Falleci\u00f3 en Olavarr\u00eda el 2 de agosto de 2022 a los 82 a\u00f1os de edad. Sus hijos Mar\u00eda de los<\/p>\n","protected":false},"author":5,"featured_media":51544,"comment_status":"closed","ping_status":"closed","sticky":false,"template":"","format":"standard","meta":{"_jetpack_memberships_contains_paid_content":false,"footnotes":""},"categories":[10],"tags":[],"class_list":["post-61505","post","type-post","status-publish","format-standard","has-post-thumbnail","hentry","category-necrologicas"],"jetpack_featured_media_url":"https:\/\/i0.wp.com\/cdnoticias.com\/wp-content\/uploads\/2022\/04\/necrologicas-390-x-240.jpg?fit=390%2C240&ssl=1","jetpack_sharing_enabled":true,"_links":{"self":[{"href":"https:\/\/cdnoticias.com\/index.php\/wp-json\/wp\/v2\/posts\/61505","targetHints":{"allow":["GET"]}}],"collection":[{"href":"https:\/\/cdnoticias.com\/index.php\/wp-json\/wp\/v2\/posts"}],"about":[{"href":"https:\/\/cdnoticias.com\/index.php\/wp-json\/wp\/v2\/types\/post"}],"author":[{"embeddable":true,"href":"https:\/\/cdnoticias.com\/index.php\/wp-json\/wp\/v2\/users\/5"}],"replies":[{"embeddable":true,"href":"https:\/\/cdnoticias.com\/index.php\/wp-json\/wp\/v2\/comments?post=61505"}],"version-history":[{"count":0,"href":"https:\/\/cdnoticias.com\/index.php\/wp-json\/wp\/v2\/posts\/61505\/revisions"}],"wp:featuredmedia":[{"embeddable":true,"href":"https:\/\/cdnoticias.com\/index.php\/wp-json\/wp\/v2\/media\/51544"}],"wp:attachment":[{"href":"https:\/\/cdnoticias.com\/index.php\/wp-json\/wp\/v2\/media?parent=61505"}],"wp:term":[{"taxonomy":"category","embeddable":true,"href":"https:\/\/cdnoticias.com\/index.php\/wp-json\/wp\/v2\/categories?post=61505"},{"taxonomy":"post_tag","embeddable":true,"href":"https:\/\/cdnoticias.com\/index.php\/wp-json\/wp\/v2\/tags?post=61505"}],"curies":[{"name":"wp","href":"https:\/\/api.w.org\/{rel}","templated":true}]}}