{"id":61503,"date":"2022-08-03T08:01:09","date_gmt":"2022-08-03T11:01:09","guid":{"rendered":"https:\/\/www.centraldenoticias.com.ar\/?p=61503"},"modified":"2022-08-03T08:01:09","modified_gmt":"2022-08-03T11:01:09","slug":"oscar-raymundo-trepichio-q-e-p-d","status":"publish","type":"post","link":"https:\/\/cdnoticias.com\/index.php\/2022\/08\/03\/oscar-raymundo-trepichio-q-e-p-d\/","title":{"rendered":"Oscar Raymundo Trepichio (Q.E.P.D.)"},"content":{"rendered":"<p><span style=\"font-family: Liberation Serif, serif;\"><span style=\"font-size: medium;\">Falleci\u00f3 en Olavarr\u00eda el 2 de agosto de 2022 a los 78 a\u00f1os de edad. Su esposa Celia Mabel D\u00edaz; sus hijos Ver\u00f3nica y Alejandro Trepichio; sus hijos pol\u00edticos Florencia Olmedo y Sebasti\u00e1n Cobio; sus nietos Catalina, Dulce, Tom\u00e1s, Pedro y Amelie; su cu\u00f1ada L\u00eda D\u00edaz; su sobrina Anal\u00eda; sus <\/span><\/span><span style=\"font-family: Liberation Serif, serif;\"><span style=\"font-size: medium;\">ahijadas Elvira, Daniela, Anto y dem\u00e1s deudos participan su fallecimiento.<\/span><\/span><\/p>\n<p>&nbsp;<\/p>\n<p><span style=\"font-family: Liberation Serif, serif;\"><span style=\"font-size: medium;\">Sus restos son velados en Sala &#8220;C&#8221; de Espa\u00f1a 2942 y ser\u00e1n inhumados en el Cementerio Municipal de Olavarr\u00eda este mi\u00e9rcoles 3 de agosto a las 12:30, previo responso en la capilla ardiente. Vecino de barrio Luj\u00e1n. Jubilado. <\/span><\/span><\/p>\n","protected":false},"excerpt":{"rendered":"<p>Falleci\u00f3 en Olavarr\u00eda el 2 de agosto de 2022 a los 78 a\u00f1os de edad. Su esposa Celia Mabel D\u00edaz;<\/p>\n","protected":false},"author":5,"featured_media":51544,"comment_status":"closed","ping_status":"closed","sticky":false,"template":"","format":"standard","meta":{"_jetpack_memberships_contains_paid_content":false,"footnotes":""},"categories":[10],"tags":[],"class_list":["post-61503","post","type-post","status-publish","format-standard","has-post-thumbnail","hentry","category-necrologicas"],"jetpack_featured_media_url":"https:\/\/i0.wp.com\/cdnoticias.com\/wp-content\/uploads\/2022\/04\/necrologicas-390-x-240.jpg?fit=390%2C240&ssl=1","jetpack_sharing_enabled":true,"_links":{"self":[{"href":"https:\/\/cdnoticias.com\/index.php\/wp-json\/wp\/v2\/posts\/61503","targetHints":{"allow":["GET"]}}],"collection":[{"href":"https:\/\/cdnoticias.com\/index.php\/wp-json\/wp\/v2\/posts"}],"about":[{"href":"https:\/\/cdnoticias.com\/index.php\/wp-json\/wp\/v2\/types\/post"}],"author":[{"embeddable":true,"href":"https:\/\/cdnoticias.com\/index.php\/wp-json\/wp\/v2\/users\/5"}],"replies":[{"embeddable":true,"href":"https:\/\/cdnoticias.com\/index.php\/wp-json\/wp\/v2\/comments?post=61503"}],"version-history":[{"count":0,"href":"https:\/\/cdnoticias.com\/index.php\/wp-json\/wp\/v2\/posts\/61503\/revisions"}],"wp:featuredmedia":[{"embeddable":true,"href":"https:\/\/cdnoticias.com\/index.php\/wp-json\/wp\/v2\/media\/51544"}],"wp:attachment":[{"href":"https:\/\/cdnoticias.com\/index.php\/wp-json\/wp\/v2\/media?parent=61503"}],"wp:term":[{"taxonomy":"category","embeddable":true,"href":"https:\/\/cdnoticias.com\/index.php\/wp-json\/wp\/v2\/categories?post=61503"},{"taxonomy":"post_tag","embeddable":true,"href":"https:\/\/cdnoticias.com\/index.php\/wp-json\/wp\/v2\/tags?post=61503"}],"curies":[{"name":"wp","href":"https:\/\/api.w.org\/{rel}","templated":true}]}}