{"id":61497,"date":"2022-08-02T21:11:11","date_gmt":"2022-08-03T00:11:11","guid":{"rendered":"https:\/\/www.centraldenoticias.com.ar\/?p=61497"},"modified":"2022-08-03T08:50:33","modified_gmt":"2022-08-03T11:50:33","slug":"caso-agapito-prision-preventiva-para-el-unico-acusado-de-la-agresion","status":"publish","type":"post","link":"https:\/\/cdnoticias.com\/index.php\/2022\/08\/02\/caso-agapito-prision-preventiva-para-el-unico-acusado-de-la-agresion\/","title":{"rendered":"Caso Agapito: prisi\u00f3n preventiva para el \u00fanico acusado de la agresi\u00f3n"},"content":{"rendered":"<p><span style=\"font-family: Liberation Serif, serif;\"><span style=\"font-size: medium;\">As\u00ed fue otorgada por el Juzgado de Garant\u00edas N.\u00ba 1, a cargo de la doctora San Rom\u00e1n. La defensa del imputado apel\u00f3 la medida.<\/span><\/span><\/p>\n<hr \/>\n<p><!--more--><\/p>\n<p><span style=\"font-family: Liberation Serif, serif;\"><span style=\"font-size: medium;\">Este martes,<strong> el Juzgado de Garant\u00edas N.\u00ba 1 a cargo de la doctora San Rom\u00e1n otorg\u00f3 la prisi\u00f3n preventiva para el \u00fanico acusado de causarle graves lesiones al joven Juan Agapito a la salida de un boliche.<\/strong><\/span><\/span><\/p>\n<p>&nbsp;<\/p>\n<p><span style=\"font-family: Liberation Serif, serif;\"><span style=\"font-size: medium;\">El pedido hab\u00eda sido realizado por el fiscal Christian Url\u00e9zaga de la UFI N\u00b07 quien instruye la causa, dado que <strong>se tomaron en cuenta las caracter\u00edsticas del hecho y los \u201criesgos procesales\u201d que generaba la excarcelaci\u00f3n del acusado.<\/strong><\/span><\/span><\/p>\n<p>&nbsp;<\/p>\n<p><span style=\"font-family: Liberation Serif, serif;\"><span style=\"font-size: medium;\">Por ahora, <strong>Damian Alonso de 36 a\u00f1os continuar\u00e1 el proceso judicial en su contra detenido, en una causa caratulada como \u201cLesiones graves\u201d.<\/strong><\/span><\/span><\/p>\n<p>&nbsp;<\/p>\n<blockquote><p><span style=\"font-family: Liberation Serif, serif;\"><span style=\"font-size: medium;\">De todas maneras, la defensa de Alonso apel\u00f3 la medida y se esperan definiciones en la C\u00e1mara de Apelaciones con asiento en la vecina ciudad de Azul.<\/span><\/span><\/p><\/blockquote>\n<p>&nbsp;<\/p>\n<p><span style=\"font-family: Liberation Serif, serif;\"><span style=\"font-size: medium;\">El hecho se produjo a inicios de julio, cuando se presume<strong> Alonso le habr\u00eda propinado un golpe de pu\u00f1o a Agapito a la salida del boliche Fomento<\/strong>, que gener\u00f3 que <strong>cayera hacia la calle e impacte con su cabeza contra el cord\u00f3n de la vereda.<\/strong> Dicho impacto le gener\u00f3 doble fractura de cr\u00e1neo y tuvo riesgo de vida: afortunadamente <a href=\"https:\/\/cdnoticias.com\/index.php\/2022\/07\/19\/juani-agapito-fue-externado-y-continuara-la-recuperacion-en-su-casa\/\">se recuper\u00f3 y sigue su recuperaci\u00f3n neurol\u00f3gica en una internaci\u00f3n domiciliaria<\/a>.<\/span><\/span><\/p>\n<p>&nbsp;<\/p>\n<p>La semana pasada <strong>Agapito dio su declaraci\u00f3n testimonial en la UFI N\u00ba 7<\/strong> <a href=\"https:\/\/cdnoticias.com\/index.php\/2022\/07\/26\/juan-ignacio-agapito-tengo-la-mente-en-blanco-desde-que-entre-a-fomento\/\" target=\"_blank\" rel=\"noopener\">aunque dijo &#8220;no recordar&#8221; lo sucedido<\/a>.<\/p>\n","protected":false},"excerpt":{"rendered":"<p>As\u00ed fue otorgada por el Juzgado de Garant\u00edas N.\u00ba 1, a cargo de la doctora San Rom\u00e1n. La defensa del<\/p>\n","protected":false},"author":2,"featured_media":59397,"comment_status":"closed","ping_status":"closed","sticky":false,"template":"","format":"standard","meta":{"_jetpack_memberships_contains_paid_content":false,"footnotes":""},"categories":[14,1],"tags":[],"class_list":["post-61497","post","type-post","status-publish","format-standard","has-post-thumbnail","hentry","category-policiales","category-portada"],"jetpack_featured_media_url":"https:\/\/i0.wp.com\/cdnoticias.com\/wp-content\/uploads\/2022\/07\/marcha-agapito5-scaled.jpg?fit=2560%2C1424&ssl=1","jetpack_sharing_enabled":true,"_links":{"self":[{"href":"https:\/\/cdnoticias.com\/index.php\/wp-json\/wp\/v2\/posts\/61497","targetHints":{"allow":["GET"]}}],"collection":[{"href":"https:\/\/cdnoticias.com\/index.php\/wp-json\/wp\/v2\/posts"}],"about":[{"href":"https:\/\/cdnoticias.com\/index.php\/wp-json\/wp\/v2\/types\/post"}],"author":[{"embeddable":true,"href":"https:\/\/cdnoticias.com\/index.php\/wp-json\/wp\/v2\/users\/2"}],"replies":[{"embeddable":true,"href":"https:\/\/cdnoticias.com\/index.php\/wp-json\/wp\/v2\/comments?post=61497"}],"version-history":[{"count":0,"href":"https:\/\/cdnoticias.com\/index.php\/wp-json\/wp\/v2\/posts\/61497\/revisions"}],"wp:featuredmedia":[{"embeddable":true,"href":"https:\/\/cdnoticias.com\/index.php\/wp-json\/wp\/v2\/media\/59397"}],"wp:attachment":[{"href":"https:\/\/cdnoticias.com\/index.php\/wp-json\/wp\/v2\/media?parent=61497"}],"wp:term":[{"taxonomy":"category","embeddable":true,"href":"https:\/\/cdnoticias.com\/index.php\/wp-json\/wp\/v2\/categories?post=61497"},{"taxonomy":"post_tag","embeddable":true,"href":"https:\/\/cdnoticias.com\/index.php\/wp-json\/wp\/v2\/tags?post=61497"}],"curies":[{"name":"wp","href":"https:\/\/api.w.org\/{rel}","templated":true}]}}