{"id":61481,"date":"2022-08-06T11:24:58","date_gmt":"2022-08-06T14:24:58","guid":{"rendered":"https:\/\/www.centraldenoticias.com.ar\/?p=61481"},"modified":"2022-08-06T11:24:58","modified_gmt":"2022-08-06T14:24:58","slug":"llega-la-obra-de-teatro-primavera-del-45-a-chamula","status":"publish","type":"post","link":"https:\/\/cdnoticias.com\/index.php\/2022\/08\/06\/llega-la-obra-de-teatro-primavera-del-45-a-chamula\/","title":{"rendered":"Llega la obra de teatro Primavera del 45&#8242; a Chamula"},"content":{"rendered":"<p>Ser\u00e1 el pr\u00f3ximo 19 de agosto a las 21:00. Los detalles. <!--more--><\/p>\n<hr \/>\n<p>El pr\u00f3ximo <strong>19 de agosto a las 21:00<\/strong> llega la <strong>obra de teatro Primavera del 45&#8242;<\/strong> a <strong>Chamula<\/strong> (Maip\u00fa 3756).<\/p>\n<p>&nbsp;<\/p>\n<p>La obra esta escrita por Gabriel Nieto Suarez y act\u00faan Anal\u00eda Apecena y Fernando Repetto. Adem\u00e1s esta dirigida por Gustavo Wilson.<\/p>\n<p>&nbsp;<\/p>\n<p><strong>&#8220;Primavera del 45&#8242;<\/strong> aborda un <strong>hecho hist\u00f3rico argentino<\/strong> desde la intimidad en un departamento de Barracas, dond<strong>e ama y sirviente se debaten entre ser o no parte de la realidad que acontece<\/strong>&#8221; se indic\u00f3.<\/p>\n<p>&nbsp;<\/p>\n<p>Las <strong>entradas anticipadas tienen un valor de $450<\/strong> y <strong>en puerta de $600.<\/strong><\/p>\n","protected":false},"excerpt":{"rendered":"<p>Ser\u00e1 el pr\u00f3ximo 19 de agosto a las 21:00. Los detalles.<\/p>\n","protected":false},"author":6,"featured_media":61482,"comment_status":"closed","ping_status":"closed","sticky":false,"template":"","format":"standard","meta":{"_jetpack_memberships_contains_paid_content":false,"footnotes":""},"categories":[9,1],"tags":[],"class_list":["post-61481","post","type-post","status-publish","format-standard","has-post-thumbnail","hentry","category-cultura","category-portada"],"jetpack_featured_media_url":"https:\/\/i0.wp.com\/cdnoticias.com\/wp-content\/uploads\/2022\/08\/Diseno-sin-titulo-47.jpg?fit=1920%2C1080&ssl=1","jetpack_sharing_enabled":true,"_links":{"self":[{"href":"https:\/\/cdnoticias.com\/index.php\/wp-json\/wp\/v2\/posts\/61481","targetHints":{"allow":["GET"]}}],"collection":[{"href":"https:\/\/cdnoticias.com\/index.php\/wp-json\/wp\/v2\/posts"}],"about":[{"href":"https:\/\/cdnoticias.com\/index.php\/wp-json\/wp\/v2\/types\/post"}],"author":[{"embeddable":true,"href":"https:\/\/cdnoticias.com\/index.php\/wp-json\/wp\/v2\/users\/6"}],"replies":[{"embeddable":true,"href":"https:\/\/cdnoticias.com\/index.php\/wp-json\/wp\/v2\/comments?post=61481"}],"version-history":[{"count":0,"href":"https:\/\/cdnoticias.com\/index.php\/wp-json\/wp\/v2\/posts\/61481\/revisions"}],"wp:featuredmedia":[{"embeddable":true,"href":"https:\/\/cdnoticias.com\/index.php\/wp-json\/wp\/v2\/media\/61482"}],"wp:attachment":[{"href":"https:\/\/cdnoticias.com\/index.php\/wp-json\/wp\/v2\/media?parent=61481"}],"wp:term":[{"taxonomy":"category","embeddable":true,"href":"https:\/\/cdnoticias.com\/index.php\/wp-json\/wp\/v2\/categories?post=61481"},{"taxonomy":"post_tag","embeddable":true,"href":"https:\/\/cdnoticias.com\/index.php\/wp-json\/wp\/v2\/tags?post=61481"}],"curies":[{"name":"wp","href":"https:\/\/api.w.org\/{rel}","templated":true}]}}