{"id":61470,"date":"2022-08-02T18:01:19","date_gmt":"2022-08-02T21:01:19","guid":{"rendered":"https:\/\/www.centraldenoticias.com.ar\/?p=61470"},"modified":"2022-08-02T18:01:56","modified_gmt":"2022-08-02T21:01:56","slug":"una-pelicula-lgtb-sobre-autodescubrimiento-llega-al-ciclo-de-cine-de-insurgente","status":"publish","type":"post","link":"https:\/\/cdnoticias.com\/index.php\/2022\/08\/02\/una-pelicula-lgtb-sobre-autodescubrimiento-llega-al-ciclo-de-cine-de-insurgente\/","title":{"rendered":"Una pel\u00edcula LGBT sobre autodescubrimiento llega al ciclo de cine de Insurgente"},"content":{"rendered":"<p>Se trata del film &#8220;Moonlight&#8221;. Ser\u00e1 este mi\u00e9rcoles 3 de agosto desde las 20:30. <!--more--><\/p>\n<hr \/>\n<p>&nbsp;<\/p>\n<p>Este <strong>mi\u00e9rcoles 3 de agosto <\/strong>desde las<strong> 20:30<\/strong> se <strong>proyectar\u00e1 la pel\u00edcula &#8220;Moonlight&#8221;.<\/strong> Ser\u00e1 en el marco del<strong> ciclo de cine 2022<\/strong> del espacio cultural<strong> Insurgente<\/strong> (Belgrano 3345).<\/p>\n<p>&nbsp;<\/p>\n<p>&#8220;Se trata de una historia atemporal de relaciones humanas y autodescubrimiento. Esta pel\u00edcula cuenta la historia de Chiron, un chico negro que <strong>lucha por encontrar su lugar en el mundo, en un ambiente donde la violencia no da tregua.<\/strong> A medida que pasan los a\u00f1os, el joven vive una<strong> intensa lucha interna para descubrirse a s\u00ed mismo<\/strong>, adem\u00e1s de sufrir un constante acoso escolar. En su camino explorar\u00e1 la masculinidad, la sexualidad y tendr\u00e1 que hacer frente a los conflictos de su desestructurada familia&#8221; se indic\u00f3.<\/p>\n<p>&nbsp;<\/p>\n<p>La pel\u00edcula est\u00e1 dividida en tres partes, cada una correspondiente a un periodo en la vida del protagonista: infancia, adolescencia y edad adulta. El film gan\u00f3 varios galardones, entre ellos Globos de Oro y premios Oscar.<\/p>\n<p>&nbsp;<\/p>\n<p>&#8220;Adem\u00e1s, \u201cMoonlight\u201d es la primera pel\u00edcula LGBT con un cast \u00edntegramente compuesto por actores y actrices negros&#8221; se agreg\u00f3.<\/p>\n<p>&nbsp;<\/p>\n<p>Luego de la proyecci\u00f3n, tal como est\u00e1 pensada la din\u00e1mica, <strong>se realizar\u00e1 un conversatorio grupal de an\u00e1lisis<\/strong>. La actividad <strong>no se suspende por lluvia.\u00a0<\/strong><\/p>\n<p>&nbsp;<\/p>\n<p>La <strong>entrada es libre y gratuita<\/strong> aunque los participantes podr\u00e1n realizar una colaboraci\u00f3n voluntaria. Adem\u00e1s, habr\u00e1 servicio de cantina.<\/p>\n<p>&nbsp;<\/p>\n<p>&nbsp;<\/p>\n","protected":false},"excerpt":{"rendered":"<p>Se trata del film &#8220;Moonlight&#8221;. Ser\u00e1 este mi\u00e9rcoles 3 de agosto desde las 20:30.<\/p>\n","protected":false},"author":6,"featured_media":0,"comment_status":"closed","ping_status":"closed","sticky":false,"template":"","format":"standard","meta":{"_jetpack_memberships_contains_paid_content":false,"footnotes":""},"categories":[9,1],"tags":[],"class_list":["post-61470","post","type-post","status-publish","format-standard","hentry","category-cultura","category-portada"],"jetpack_featured_media_url":"","jetpack_sharing_enabled":true,"_links":{"self":[{"href":"https:\/\/cdnoticias.com\/index.php\/wp-json\/wp\/v2\/posts\/61470","targetHints":{"allow":["GET"]}}],"collection":[{"href":"https:\/\/cdnoticias.com\/index.php\/wp-json\/wp\/v2\/posts"}],"about":[{"href":"https:\/\/cdnoticias.com\/index.php\/wp-json\/wp\/v2\/types\/post"}],"author":[{"embeddable":true,"href":"https:\/\/cdnoticias.com\/index.php\/wp-json\/wp\/v2\/users\/6"}],"replies":[{"embeddable":true,"href":"https:\/\/cdnoticias.com\/index.php\/wp-json\/wp\/v2\/comments?post=61470"}],"version-history":[{"count":0,"href":"https:\/\/cdnoticias.com\/index.php\/wp-json\/wp\/v2\/posts\/61470\/revisions"}],"wp:attachment":[{"href":"https:\/\/cdnoticias.com\/index.php\/wp-json\/wp\/v2\/media?parent=61470"}],"wp:term":[{"taxonomy":"category","embeddable":true,"href":"https:\/\/cdnoticias.com\/index.php\/wp-json\/wp\/v2\/categories?post=61470"},{"taxonomy":"post_tag","embeddable":true,"href":"https:\/\/cdnoticias.com\/index.php\/wp-json\/wp\/v2\/tags?post=61470"}],"curies":[{"name":"wp","href":"https:\/\/api.w.org\/{rel}","templated":true}]}}