{"id":61447,"date":"2022-08-02T17:04:56","date_gmt":"2022-08-02T20:04:56","guid":{"rendered":"https:\/\/www.centraldenoticias.com.ar\/?p=61447"},"modified":"2022-08-02T17:04:56","modified_gmt":"2022-08-02T20:04:56","slug":"bus-turistico-la-cuarta-salida-sera-bajo-la-tematica-entre-colonos-y-trapenses","status":"publish","type":"post","link":"https:\/\/cdnoticias.com\/index.php\/2022\/08\/02\/bus-turistico-la-cuarta-salida-sera-bajo-la-tematica-entre-colonos-y-trapenses\/","title":{"rendered":"Bus Tur\u00edstico: la cuarta salida ser\u00e1 bajo la tem\u00e1tica \u201cEntre Colonos y Trapenses\u201d"},"content":{"rendered":"<p>El mi\u00e9rcoles comenzar\u00e1 la inscripci\u00f3n para participar de la propuesta. La actividad se realizar\u00e1 el 6 de agosto y recorrer\u00e1 distintas localidades.<!--more--><\/p>\n<hr \/>\n<p>Desde la Direcci\u00f3n de Turismo de Olavarr\u00eda, perteneciente a la Secretar\u00eda de Desarrollo Econ\u00f3mico, se invita a la comunidad a la cuarta salida del a\u00f1o 2022 del Bus Tur\u00edstico Olavarriense, que<strong> en esta ocasi\u00f3n tendr\u00e1 un itinerario \u201cEntre Colonos y Trapenses\u201d.<\/strong><\/p>\n<p>&nbsp;<\/p>\n<p>La propuesta permite disfrutar Olavarr\u00eda, conocer los puntos tur\u00edsticos y de inter\u00e9s de la ciudad junto a sus localidades, de manera c\u00f3moda y atractiva. En esta oportunidad el recorrido dise\u00f1ado llevar\u00e1 a los pasajeros a conocer y redescubrir las localidades de <strong>Colonia Hinojo y Colonia Nievas y adem\u00e1s, el Monasterio de la Madre de Cristo, Hermanas Trapenses.<\/strong><\/p>\n<p>&nbsp;<\/p>\n<p>Al igual que en las ediciones anteriores, se partir\u00e1 desde el Paseo Padre Jes\u00fas Mend\u00eda y recorrer\u00e1 los diferentes puntos de inter\u00e9s relativos a la inmigraci\u00f3n proveniente de los Alemanes del Volga, con los que cuenta el partido de Olavarr\u00eda. <strong>Se realizar\u00e1n 3 descensos en total, en cada uno de los puntos mencionados.<\/strong><\/p>\n<p>&nbsp;<\/p>\n<p>La salida ser\u00e1 el pr\u00f3ximo <strong>s\u00e1bado 6 de agosto y la duraci\u00f3n del recorrido ser\u00e1 de 4 horas.<\/strong> El punto de encuentro ser\u00e1 el Paseo Padre Jes\u00fas Mend\u00eda a las 13.40 horas, mientras que el circuito arrancar\u00e1 a las 14 horas. El regreso est\u00e1 pautado para las 18 horas aproximadamente.<\/p>\n<p>&nbsp;<\/p>\n<p><strong>Pre-Inscripci\u00f3n<\/strong><\/p>\n<p>&nbsp;<\/p>\n<p>Para la preinscripci\u00f3n habr\u00e1 dos medios habilitados: uno es a trav\u00e9s del formulario online al que se accede haciendo <a href=\"https:\/\/docs.google.com\/forms\/d\/e\/1FAIpQLSc3q28_-BcoqUMamE9qbU-ZySFaeFPhBWDpEqqBnbp652N8WQ\/closedform\" target=\"_blank\" rel=\"noopener\">click aqu\u00ed<\/a>, o sino telef\u00f3nicamente al fijo de la oficina de Turismo de Olavarr\u00eda (02284) 480023 en la franja horaria de 7 a 14 horas. Tanto el formulario como la preinscripci\u00f3n telef\u00f3nica<strong> estar\u00e1n habilitadas a partir del d\u00eda mi\u00e9rcoles 3 de agosto a las 10.<\/strong><\/p>\n<p>&nbsp;<\/p>\n<p>Cabe destacar que aquellas personas que no pudieron asistir en la edici\u00f3n anterior por cupos llenos deber\u00e1n inscribirse nuevamente.<\/p>\n<p>&nbsp;<\/p>\n<p>Tambi\u00e9n podr\u00e1n encontrar esta informaci\u00f3n y el link de preinscripci\u00f3n en los canales de comunicaci\u00f3n oficiales de la Direcci\u00f3n de Turismo: <strong>IG @OlavarriaTurismo, Facebook @disfrutaolavarria<\/strong><\/p>\n<p>&nbsp;<\/p>\n<p>Ante cualquier duda o consulta se pueden comunicar al tel\u00e9fono (02284) 480023, nuestro E-mail: turismo@olavarria.gov.ar, y nuestro WhatsApp (02284) 695796.<\/p>\n","protected":false},"excerpt":{"rendered":"<p>El mi\u00e9rcoles comenzar\u00e1 la inscripci\u00f3n para participar de la propuesta. La actividad se realizar\u00e1 el 6 de agosto y recorrer\u00e1<\/p>\n","protected":false},"author":5,"featured_media":61448,"comment_status":"closed","ping_status":"closed","sticky":false,"template":"","format":"standard","meta":{"_jetpack_memberships_contains_paid_content":false,"footnotes":""},"categories":[5,1],"tags":[],"class_list":["post-61447","post","type-post","status-publish","format-standard","has-post-thumbnail","hentry","category-informacion-general","category-portada"],"jetpack_featured_media_url":"https:\/\/i0.wp.com\/cdnoticias.com\/wp-content\/uploads\/2022\/08\/DE-Bus-Turistico-1024x682-1.jpg?fit=1024%2C614&ssl=1","jetpack_sharing_enabled":true,"_links":{"self":[{"href":"https:\/\/cdnoticias.com\/index.php\/wp-json\/wp\/v2\/posts\/61447","targetHints":{"allow":["GET"]}}],"collection":[{"href":"https:\/\/cdnoticias.com\/index.php\/wp-json\/wp\/v2\/posts"}],"about":[{"href":"https:\/\/cdnoticias.com\/index.php\/wp-json\/wp\/v2\/types\/post"}],"author":[{"embeddable":true,"href":"https:\/\/cdnoticias.com\/index.php\/wp-json\/wp\/v2\/users\/5"}],"replies":[{"embeddable":true,"href":"https:\/\/cdnoticias.com\/index.php\/wp-json\/wp\/v2\/comments?post=61447"}],"version-history":[{"count":0,"href":"https:\/\/cdnoticias.com\/index.php\/wp-json\/wp\/v2\/posts\/61447\/revisions"}],"wp:featuredmedia":[{"embeddable":true,"href":"https:\/\/cdnoticias.com\/index.php\/wp-json\/wp\/v2\/media\/61448"}],"wp:attachment":[{"href":"https:\/\/cdnoticias.com\/index.php\/wp-json\/wp\/v2\/media?parent=61447"}],"wp:term":[{"taxonomy":"category","embeddable":true,"href":"https:\/\/cdnoticias.com\/index.php\/wp-json\/wp\/v2\/categories?post=61447"},{"taxonomy":"post_tag","embeddable":true,"href":"https:\/\/cdnoticias.com\/index.php\/wp-json\/wp\/v2\/tags?post=61447"}],"curies":[{"name":"wp","href":"https:\/\/api.w.org\/{rel}","templated":true}]}}