{"id":61431,"date":"2022-08-02T09:35:09","date_gmt":"2022-08-02T12:35:09","guid":{"rendered":"https:\/\/www.centraldenoticias.com.ar\/?p=61431"},"modified":"2022-08-02T11:23:01","modified_gmt":"2022-08-02T14:23:01","slug":"covid-las-dosis-para-ninos-desde-6-meses-se-aplicaran-en-vacunatorios-municipales","status":"publish","type":"post","link":"https:\/\/cdnoticias.com\/index.php\/2022\/08\/02\/covid-las-dosis-para-ninos-desde-6-meses-se-aplicaran-en-vacunatorios-municipales\/","title":{"rendered":"Covid: las dosis para ni\u00f1os desde 6 meses se aplicar\u00e1n en vacunatorios municipales"},"content":{"rendered":"<p>Lo confirm\u00f3 Ramiro Borzi, titular de la Regi\u00f3n Sanitaria IX. Este lunes hubo reuni\u00f3n con los secretarios de Salud de los municipios de la zona.<!--more--><\/p>\n<hr \/>\n<p>Desde hace poco m\u00e1s de una semana <strong>la Regi\u00f3n Sanitaria IX<\/strong> <a href=\"https:\/\/cdnoticias.com\/index.php\/2022\/07\/29\/campana-de-vacunacion-comenzo-la-aplicacion-de-quintas-dosis-contra-el-covid\/\" target=\"_blank\" rel=\"noopener\">difundi\u00f3 la convocatoria que lanz\u00f3 el Ministerio de Salud<\/a> provincial para<strong> vacunar contra el Covid a ni\u00f1as y ni\u00f1os de 6 meses a 3 a\u00f1os.<\/strong><\/p>\n<p>&nbsp;<\/p>\n<p><strong>Central de Noticias<\/strong> consult\u00f3 al <strong>titular de la Regi\u00f3n IX, Ramiro Borzi<\/strong>, acerca de la implementaci\u00f3n de esta campa\u00f1a.<\/p>\n<p>&nbsp;<\/p>\n<blockquote><p>En ese sentido, inform\u00f3 que se dispuso que las aplicaciones se hagan en vacunatorios municipales y que para Olavarr\u00eda se dispusieron dos centros.<\/p><\/blockquote>\n<p>&nbsp;<\/p>\n<p>Asimismo, Borzi dio a conocer que <strong>este lunes por la ma\u00f1ana se desarroll\u00f3 una reuni\u00f3n con secretarios municipales<\/strong> de algunos de los distritos que componen la Regi\u00f3n IX y entre ellos <strong>estuvo Germ\u00e1n Caputo, de Olavarr\u00eda<\/strong>. Tambi\u00e9n estuvieron los representantes de <em>Azul, Las Flores, Rauch y Tapalqu\u00e9<\/em>.<\/p>\n<p>&nbsp;<\/p>\n<blockquote class=\"twitter-tweet\">\n<p dir=\"ltr\" lang=\"es\">INFORMACI\u00d3N IMPORTANTE <a href=\"https:\/\/twitter.com\/hashtag\/VacunatePBA?src=hash&amp;ref_src=twsrc%5Etfw\">#VacunatePBA<\/a><\/p>\n<p>\ud83d\udc76\ud83c\udffb\ud83d\udc76\ud83c\udffd A partir de hoy ni\u00f1as y ni\u00f1os de entre 6 meses y 3 a\u00f1os podr\u00e1n ser inscriptos para iniciar su esquema de vacunaci\u00f3n contra el COVID-19.<a href=\"https:\/\/twitter.com\/SaludBAP?ref_src=twsrc%5Etfw\">@SaludBAP<\/a> <a href=\"https:\/\/twitter.com\/nkreplak?ref_src=twsrc%5Etfw\">@nkreplak<\/a> <a href=\"https:\/\/twitter.com\/redesyregiones?ref_src=twsrc%5Etfw\">@redesyregiones<\/a> <a href=\"https:\/\/twitter.com\/adrian_gayoso?ref_src=twsrc%5Etfw\">@adrian_gayoso<\/a> <a href=\"https:\/\/twitter.com\/ramiroborzi?ref_src=twsrc%5Etfw\">@ramiroborzi<\/a> <a href=\"https:\/\/t.co\/DYeuSEQ9MD\">pic.twitter.com\/DYeuSEQ9MD<\/a><\/p>\n<p>\u2014 @RegSanIX (@regsanix) <a href=\"https:\/\/twitter.com\/regsanix\/status\/1551940748878168065?ref_src=twsrc%5Etfw\">July 26, 2022<\/a><\/p><\/blockquote>\n<p><script async src=\"https:\/\/platform.twitter.com\/widgets.js\" charset=\"utf-8\"><\/script><\/p>\n<p>&nbsp;<\/p>\n<p>Desde la Regi\u00f3n IX se comunic\u00f3 que en esa reuni\u00f3n <strong>se entregaron tensi\u00f3metros como parte del Programa de Hipertensi\u00f3n Arterial<\/strong> que impulsa la cartera de Salud bonaerense para \u201cmejorar la detecci\u00f3n y tratamiento de personas con HTA\u201d.<\/p>\n<p>&nbsp;<\/p>\n<p>En tanto, el director regional hizo saber que <strong>la nueva etapa de la campa\u00f1a de vacunaci\u00f3n tambi\u00e9n fue otro de los temas tratados<\/strong> con los secretarios municipales.<\/p>\n<p>&nbsp;<\/p>\n<p>Por \u00faltimo, cabe recordar que para la vacunaci\u00f3n contra el coronavirus de la poblaci\u00f3n de entre 6 meses y 3 a\u00f1os de edad <strong>deben anotarse en la app Vacunate o en www.vacunatepba.gba.gob.ar<\/strong> desde donde se enviar\u00e1n <strong>turnos<\/strong> con d\u00edas, horarios y vacunatorios pedi\u00e1tricos asignados.<\/p>\n<p>&nbsp;<\/p>\n<blockquote class=\"twitter-tweet\">\n<p dir=\"ltr\" lang=\"es\">Hicimos entrega de tensi\u00f3metros como parte del Programa de Hipertensi\u00f3n Arterial que impulsa <a href=\"https:\/\/twitter.com\/SaludBAP?ref_src=twsrc%5Etfw\">@SaludBAP<\/a> con el objetivo de mejorar la detecci\u00f3n y tratamiento de personas con HTA.<a href=\"https:\/\/twitter.com\/nkreplak?ref_src=twsrc%5Etfw\">@nkreplak<\/a> <a href=\"https:\/\/twitter.com\/redesyregiones?ref_src=twsrc%5Etfw\">@redesyregiones<\/a> <a href=\"https:\/\/t.co\/1CCdiYqdui\">pic.twitter.com\/1CCdiYqdui<\/a><\/p>\n<p>\u2014 @RegSanIX (@regsanix) <a href=\"https:\/\/twitter.com\/regsanix\/status\/1554245354387898368?ref_src=twsrc%5Etfw\">August 1, 2022<\/a><\/p><\/blockquote>\n<p><script async src=\"https:\/\/platform.twitter.com\/widgets.js\" charset=\"utf-8\"><\/script><\/p>\n","protected":false},"excerpt":{"rendered":"<p>Lo confirm\u00f3 Ramiro Borzi, titular de la Regi\u00f3n Sanitaria IX. Este lunes hubo reuni\u00f3n con los secretarios de Salud de<\/p>\n","protected":false},"author":4,"featured_media":61433,"comment_status":"closed","ping_status":"closed","sticky":false,"template":"","format":"standard","meta":{"_jetpack_memberships_contains_paid_content":false,"footnotes":""},"categories":[16,1],"tags":[],"class_list":["post-61431","post","type-post","status-publish","format-standard","has-post-thumbnail","hentry","category-covid-19","category-portada"],"jetpack_featured_media_url":"https:\/\/i0.wp.com\/cdnoticias.com\/wp-content\/uploads\/2022\/08\/region-sanitaria-secretarios-de-salud-00.jpg?fit=649%2C361&ssl=1","jetpack_sharing_enabled":true,"_links":{"self":[{"href":"https:\/\/cdnoticias.com\/index.php\/wp-json\/wp\/v2\/posts\/61431","targetHints":{"allow":["GET"]}}],"collection":[{"href":"https:\/\/cdnoticias.com\/index.php\/wp-json\/wp\/v2\/posts"}],"about":[{"href":"https:\/\/cdnoticias.com\/index.php\/wp-json\/wp\/v2\/types\/post"}],"author":[{"embeddable":true,"href":"https:\/\/cdnoticias.com\/index.php\/wp-json\/wp\/v2\/users\/4"}],"replies":[{"embeddable":true,"href":"https:\/\/cdnoticias.com\/index.php\/wp-json\/wp\/v2\/comments?post=61431"}],"version-history":[{"count":0,"href":"https:\/\/cdnoticias.com\/index.php\/wp-json\/wp\/v2\/posts\/61431\/revisions"}],"wp:featuredmedia":[{"embeddable":true,"href":"https:\/\/cdnoticias.com\/index.php\/wp-json\/wp\/v2\/media\/61433"}],"wp:attachment":[{"href":"https:\/\/cdnoticias.com\/index.php\/wp-json\/wp\/v2\/media?parent=61431"}],"wp:term":[{"taxonomy":"category","embeddable":true,"href":"https:\/\/cdnoticias.com\/index.php\/wp-json\/wp\/v2\/categories?post=61431"},{"taxonomy":"post_tag","embeddable":true,"href":"https:\/\/cdnoticias.com\/index.php\/wp-json\/wp\/v2\/tags?post=61431"}],"curies":[{"name":"wp","href":"https:\/\/api.w.org\/{rel}","templated":true}]}}