{"id":61427,"date":"2022-08-02T08:23:47","date_gmt":"2022-08-02T11:23:47","guid":{"rendered":"https:\/\/www.centraldenoticias.com.ar\/?p=61427"},"modified":"2022-08-02T08:23:47","modified_gmt":"2022-08-02T11:23:47","slug":"impulsan-un-proyecto-para-la-creacion-de-una-red-de-bicisendas-y-ciclovias","status":"publish","type":"post","link":"https:\/\/cdnoticias.com\/index.php\/2022\/08\/02\/impulsan-un-proyecto-para-la-creacion-de-una-red-de-bicisendas-y-ciclovias\/","title":{"rendered":"Impulsan un proyecto para la creaci\u00f3n de una red de bicisendas y ciclov\u00edas"},"content":{"rendered":"<p><span style=\"font-family: Liberation Serif, serif;\"><span style=\"font-size: medium;\">Fue presentado en el HCD por el bloque UCR-Juntos. Buscan unir los principales puntos de la ciudad.<\/span><\/span><\/p>\n<p><!--more--><\/p>\n<hr \/>\n<p><span style=\"font-family: Liberation Serif, serif;\"><span style=\"font-size: medium;\">El bloque UCR &#8211; Juntos present\u00f3 en el Honorable Concejo Deliberante un proyecto para la <strong>creaci\u00f3n de una red de bicisendas y ciclov\u00edas<\/strong> en Olavarr\u00eda con el objetivo de<strong> conectar entre s\u00ed los puntos m\u00e1s importantes de la ciudad<\/strong>, como hospitales, universidades y entidades p\u00fablicas, entre otros.<\/span><\/span><\/p>\n<p>&nbsp;<\/p>\n<p><span style=\"font-family: Liberation Serif, serif;\"><span style=\"font-size: medium;\">Aseguraron que la construcci\u00f3n de esta red posibilitar\u00e1 un <strong>equilibrio en el sistema de movilidad actual<\/strong> hacia la sustentabilidad, el cuidado del medio ambiente y de la salud y tambi\u00e9n ayudar\u00e1 a reforzar la seguridad vial.<\/span><\/span><\/p>\n<p>&nbsp;<\/p>\n<p><span style=\"font-family: Liberation Serif, serif;\"><span style=\"font-size: medium;\">Asimismo, el proyecto busca <strong>consolidar la bicicleta como modo de desplazamiento cotidiano.<\/strong><\/span><\/span><\/p>\n<p>&nbsp;<\/p>\n<p><span style=\"font-family: Liberation Serif, serif;\"><span style=\"font-size: medium;\">Desde el espacio, manifestaron que \u201cuno de los principales problemas de nuestra ciudad es el gran caudal de tr\u00e1nsito y la mejor formar para disminuir la cantidad de veh\u00edculos transitando es brindar facilidades para que nos movilicemos en bicicleta\u201d. <\/span><\/span><\/p>\n","protected":false},"excerpt":{"rendered":"<p>Fue presentado en el HCD por el bloque UCR-Juntos. Buscan unir los principales puntos de la ciudad.<\/p>\n","protected":false},"author":5,"featured_media":61428,"comment_status":"closed","ping_status":"closed","sticky":false,"template":"","format":"standard","meta":{"_jetpack_memberships_contains_paid_content":false,"footnotes":""},"categories":[4,1],"tags":[],"class_list":["post-61427","post","type-post","status-publish","format-standard","has-post-thumbnail","hentry","category-politica","category-portada"],"jetpack_featured_media_url":"https:\/\/i0.wp.com\/cdnoticias.com\/wp-content\/uploads\/2022\/08\/bicisenda.jpeg?fit=1027%2C600&ssl=1","jetpack_sharing_enabled":true,"_links":{"self":[{"href":"https:\/\/cdnoticias.com\/index.php\/wp-json\/wp\/v2\/posts\/61427","targetHints":{"allow":["GET"]}}],"collection":[{"href":"https:\/\/cdnoticias.com\/index.php\/wp-json\/wp\/v2\/posts"}],"about":[{"href":"https:\/\/cdnoticias.com\/index.php\/wp-json\/wp\/v2\/types\/post"}],"author":[{"embeddable":true,"href":"https:\/\/cdnoticias.com\/index.php\/wp-json\/wp\/v2\/users\/5"}],"replies":[{"embeddable":true,"href":"https:\/\/cdnoticias.com\/index.php\/wp-json\/wp\/v2\/comments?post=61427"}],"version-history":[{"count":0,"href":"https:\/\/cdnoticias.com\/index.php\/wp-json\/wp\/v2\/posts\/61427\/revisions"}],"wp:featuredmedia":[{"embeddable":true,"href":"https:\/\/cdnoticias.com\/index.php\/wp-json\/wp\/v2\/media\/61428"}],"wp:attachment":[{"href":"https:\/\/cdnoticias.com\/index.php\/wp-json\/wp\/v2\/media?parent=61427"}],"wp:term":[{"taxonomy":"category","embeddable":true,"href":"https:\/\/cdnoticias.com\/index.php\/wp-json\/wp\/v2\/categories?post=61427"},{"taxonomy":"post_tag","embeddable":true,"href":"https:\/\/cdnoticias.com\/index.php\/wp-json\/wp\/v2\/tags?post=61427"}],"curies":[{"name":"wp","href":"https:\/\/api.w.org\/{rel}","templated":true}]}}