{"id":61412,"date":"2022-08-01T18:10:03","date_gmt":"2022-08-01T21:10:03","guid":{"rendered":"https:\/\/www.centraldenoticias.com.ar\/?p=61412"},"modified":"2022-08-01T18:10:03","modified_gmt":"2022-08-01T21:10:03","slug":"rosa-blanca-manolio-viuda-de-cassou-rosita-q-e-p-d","status":"publish","type":"post","link":"https:\/\/cdnoticias.com\/index.php\/2022\/08\/01\/rosa-blanca-manolio-viuda-de-cassou-rosita-q-e-p-d\/","title":{"rendered":"Rosa Blanca Manolio viuda de Cassou &#8220;Rosita&#8221; (Q.E.P.D.)"},"content":{"rendered":"<p>Falleci\u00f3 en Olavarr\u00eda el d\u00eda 1 de agosto de 2022 a los 90 a\u00f1os. Sus hijos: Juan Jos\u00e9 y Mar\u00eda Haydee. Sus hijos pol\u00edticos: Oreste Ondicol y Maris Lezaeta. Sus nietos: Juan Jos\u00e9, Silvina, Juan Manuel y Alejandro. Sus nietos pol\u00edticos: Victoria, Daniela, Facundo y Charo. Sus bisnietos: Valent\u00edn, Ferm\u00edn, Vito, Dayra, Joaqu\u00edn, Fiama, Martin, Jean, Hern\u00e1n y Nina. Sus colaboradoras: Laura y Soledad y dem\u00e1s deudos participan su fallecimiento.<\/p>\n<p>&nbsp;<\/p>\n<p>Velatorio: Espa\u00f1a 2942 Sala &#8220;E&#8221;, comienza 9:00 y finaliza 11:00. Responso: Capilla Ardiente. Cremaci\u00f3n: Crematorio Pinos de Paz, d\u00eda y hora a confirmar. Servicio adherido a Coopelectric.<\/p>\n<p>&nbsp;<\/p>\n<p>Barrio en el que viv\u00eda: Pueblo Nuevo.<\/p>\n<p>Lugar de nacimiento: Olavarr\u00eda.<\/p>\n<p>Actividad que desarrollaba: Jubilada Municipal.<\/p>\n","protected":false},"excerpt":{"rendered":"<p>Falleci\u00f3 en Olavarr\u00eda el d\u00eda 1 de agosto de 2022 a los 90 a\u00f1os. Sus hijos: Juan Jos\u00e9 y Mar\u00eda<\/p>\n","protected":false},"author":6,"featured_media":51544,"comment_status":"closed","ping_status":"closed","sticky":false,"template":"","format":"standard","meta":{"_jetpack_memberships_contains_paid_content":false,"footnotes":""},"categories":[10],"tags":[],"class_list":["post-61412","post","type-post","status-publish","format-standard","has-post-thumbnail","hentry","category-necrologicas"],"jetpack_featured_media_url":"https:\/\/i0.wp.com\/cdnoticias.com\/wp-content\/uploads\/2022\/04\/necrologicas-390-x-240.jpg?fit=390%2C240&ssl=1","jetpack_sharing_enabled":true,"_links":{"self":[{"href":"https:\/\/cdnoticias.com\/index.php\/wp-json\/wp\/v2\/posts\/61412","targetHints":{"allow":["GET"]}}],"collection":[{"href":"https:\/\/cdnoticias.com\/index.php\/wp-json\/wp\/v2\/posts"}],"about":[{"href":"https:\/\/cdnoticias.com\/index.php\/wp-json\/wp\/v2\/types\/post"}],"author":[{"embeddable":true,"href":"https:\/\/cdnoticias.com\/index.php\/wp-json\/wp\/v2\/users\/6"}],"replies":[{"embeddable":true,"href":"https:\/\/cdnoticias.com\/index.php\/wp-json\/wp\/v2\/comments?post=61412"}],"version-history":[{"count":0,"href":"https:\/\/cdnoticias.com\/index.php\/wp-json\/wp\/v2\/posts\/61412\/revisions"}],"wp:featuredmedia":[{"embeddable":true,"href":"https:\/\/cdnoticias.com\/index.php\/wp-json\/wp\/v2\/media\/51544"}],"wp:attachment":[{"href":"https:\/\/cdnoticias.com\/index.php\/wp-json\/wp\/v2\/media?parent=61412"}],"wp:term":[{"taxonomy":"category","embeddable":true,"href":"https:\/\/cdnoticias.com\/index.php\/wp-json\/wp\/v2\/categories?post=61412"},{"taxonomy":"post_tag","embeddable":true,"href":"https:\/\/cdnoticias.com\/index.php\/wp-json\/wp\/v2\/tags?post=61412"}],"curies":[{"name":"wp","href":"https:\/\/api.w.org\/{rel}","templated":true}]}}