{"id":61398,"date":"2022-08-01T18:04:26","date_gmt":"2022-08-01T21:04:26","guid":{"rendered":"https:\/\/www.centraldenoticias.com.ar\/?p=61398"},"modified":"2022-08-01T18:04:26","modified_gmt":"2022-08-01T21:04:26","slug":"por-iniciativa-del-foro-olavarria-fr-el-hcd-tratara-proyecto-para-el-mantenimiento-de-puentes-colgantes","status":"publish","type":"post","link":"https:\/\/cdnoticias.com\/index.php\/2022\/08\/01\/por-iniciativa-del-foro-olavarria-fr-el-hcd-tratara-proyecto-para-el-mantenimiento-de-puentes-colgantes\/","title":{"rendered":"Por iniciativa del Foro Olavarr\u00eda &#8211; FR, el HCD tratar\u00e1 proyecto para el mantenimiento de puentes colgantes"},"content":{"rendered":"<p>Se solicitan trabajos de conservaci\u00f3n y mantenimiento. Ser\u00e1 tratado en la pr\u00f3xima sesi\u00f3n ordinaria del 11 de agosto.<!--more--><\/p>\n<hr \/>\n<p>&nbsp;<\/p>\n<p>El bloque Foro Olavarr\u00eda &#8211; Frente Renovador, en el interbloque Frente de Todos, integrado por la concejala<strong> In\u00e9s Creimer<\/strong> y el concejal <strong>Gast\u00f3n Sarachu,<\/strong> present\u00f3 al Concejo Deliberante un proyecto <strong>solicitando trabajos de conservaci\u00f3n y mantenimiento para los puentes colgantes<\/strong> del arroyo Tapalqu\u00e9, el cual ser\u00e1 tratado en la <strong>pr\u00f3xima sesi\u00f3n ordinaria del 11 de agosto.<\/strong><\/p>\n<p>&nbsp;<\/p>\n<p><img data-recalc-dims=\"1\" loading=\"lazy\" decoding=\"async\" class=\"aligncenter wp-image-61402 size-full\" src=\"https:\/\/i0.wp.com\/cdnoticias.com\/wp-content\/uploads\/2022\/08\/Foro-Olavarria-Puentes-1.jpeg?resize=800%2C500&#038;ssl=1\" alt=\"\" width=\"800\" height=\"500\" srcset=\"https:\/\/i0.wp.com\/cdnoticias.com\/wp-content\/uploads\/2022\/08\/Foro-Olavarria-Puentes-1.jpeg?w=800&amp;ssl=1 800w, https:\/\/i0.wp.com\/cdnoticias.com\/wp-content\/uploads\/2022\/08\/Foro-Olavarria-Puentes-1.jpeg?resize=300%2C188&amp;ssl=1 300w, https:\/\/i0.wp.com\/cdnoticias.com\/wp-content\/uploads\/2022\/08\/Foro-Olavarria-Puentes-1.jpeg?resize=768%2C480&amp;ssl=1 768w\" sizes=\"auto, (max-width: 800px) 100vw, 800px\" \/><\/p>\n<p>&nbsp;<\/p>\n<p>&#8220;Esta iniciativa surge a partir de <strong>numerosos reclamos vecinales al advertir el deterioro y la falta de cuidado de los puentes<\/strong> peatonales que se suspenden sobre la corriente del arroyo a lo largo del parque Mitre&#8221; se indic\u00f3.<\/p>\n<p>&nbsp;<\/p>\n<p>&#8220;En concreto, se solicita al Departamento Ejecutivo Municipal disponga los medios y hechos necesarios para el <strong>estudio t\u00e9cnico de la estructura de los puentes peatonales colgantes<\/strong>, a fin de realizar el recambio de las tablas de circulaci\u00f3n que se encuentran deterioradas, la protecci\u00f3n anticorrosiva de la estructura met\u00e1lica, recambio de largueros y viguetas, tensado y recambio de alambres laterales, arreglos de articulaciones, reajuste de bulones y dem\u00e1s tareas necesarias que <strong>garanticen el correcto estado de conservaci\u00f3n de la estructura y la seguridad de los peatones<\/strong>&#8221; finalizaron.<\/p>\n<p>&nbsp;<\/p>\n<p><img data-recalc-dims=\"1\" loading=\"lazy\" decoding=\"async\" class=\"aligncenter wp-image-61403 size-full\" src=\"https:\/\/i0.wp.com\/cdnoticias.com\/wp-content\/uploads\/2022\/08\/Foro-Olavarria-Puentes.jpeg?resize=800%2C500&#038;ssl=1\" alt=\"\" width=\"800\" height=\"500\" srcset=\"https:\/\/i0.wp.com\/cdnoticias.com\/wp-content\/uploads\/2022\/08\/Foro-Olavarria-Puentes.jpeg?w=800&amp;ssl=1 800w, https:\/\/i0.wp.com\/cdnoticias.com\/wp-content\/uploads\/2022\/08\/Foro-Olavarria-Puentes.jpeg?resize=300%2C188&amp;ssl=1 300w, https:\/\/i0.wp.com\/cdnoticias.com\/wp-content\/uploads\/2022\/08\/Foro-Olavarria-Puentes.jpeg?resize=768%2C480&amp;ssl=1 768w\" sizes=\"auto, (max-width: 800px) 100vw, 800px\" \/><\/p>\n<p>&nbsp;<\/p>\n","protected":false},"excerpt":{"rendered":"<p>Se solicitan trabajos de conservaci\u00f3n y mantenimiento. Ser\u00e1 tratado en la pr\u00f3xima sesi\u00f3n ordinaria del 11 de agosto.<\/p>\n","protected":false},"author":6,"featured_media":61399,"comment_status":"closed","ping_status":"closed","sticky":false,"template":"","format":"standard","meta":{"_jetpack_memberships_contains_paid_content":false,"footnotes":""},"categories":[4,1],"tags":[],"class_list":["post-61398","post","type-post","status-publish","format-standard","has-post-thumbnail","hentry","category-politica","category-portada"],"jetpack_featured_media_url":"https:\/\/i0.wp.com\/cdnoticias.com\/wp-content\/uploads\/2022\/08\/Foro-Olavarria-Puentes-2.jpeg?fit=800%2C500&ssl=1","jetpack_sharing_enabled":true,"_links":{"self":[{"href":"https:\/\/cdnoticias.com\/index.php\/wp-json\/wp\/v2\/posts\/61398","targetHints":{"allow":["GET"]}}],"collection":[{"href":"https:\/\/cdnoticias.com\/index.php\/wp-json\/wp\/v2\/posts"}],"about":[{"href":"https:\/\/cdnoticias.com\/index.php\/wp-json\/wp\/v2\/types\/post"}],"author":[{"embeddable":true,"href":"https:\/\/cdnoticias.com\/index.php\/wp-json\/wp\/v2\/users\/6"}],"replies":[{"embeddable":true,"href":"https:\/\/cdnoticias.com\/index.php\/wp-json\/wp\/v2\/comments?post=61398"}],"version-history":[{"count":0,"href":"https:\/\/cdnoticias.com\/index.php\/wp-json\/wp\/v2\/posts\/61398\/revisions"}],"wp:featuredmedia":[{"embeddable":true,"href":"https:\/\/cdnoticias.com\/index.php\/wp-json\/wp\/v2\/media\/61399"}],"wp:attachment":[{"href":"https:\/\/cdnoticias.com\/index.php\/wp-json\/wp\/v2\/media?parent=61398"}],"wp:term":[{"taxonomy":"category","embeddable":true,"href":"https:\/\/cdnoticias.com\/index.php\/wp-json\/wp\/v2\/categories?post=61398"},{"taxonomy":"post_tag","embeddable":true,"href":"https:\/\/cdnoticias.com\/index.php\/wp-json\/wp\/v2\/tags?post=61398"}],"curies":[{"name":"wp","href":"https:\/\/api.w.org\/{rel}","templated":true}]}}