{"id":61377,"date":"2022-08-01T11:11:00","date_gmt":"2022-08-01T14:11:00","guid":{"rendered":"https:\/\/www.centraldenoticias.com.ar\/?p=61377"},"modified":"2022-08-01T11:11:00","modified_gmt":"2022-08-01T14:11:00","slug":"con-eje-en-el-orden-de-las-cuentas-publicas-massa-designo-a-raul-rigo-en-hacienda","status":"publish","type":"post","link":"https:\/\/cdnoticias.com\/index.php\/2022\/08\/01\/con-eje-en-el-orden-de-las-cuentas-publicas-massa-designo-a-raul-rigo-en-hacienda\/","title":{"rendered":"Con eje en el orden de las cuentas p\u00fablicas, Massa design\u00f3 a Ra\u00fal Rigo en Hacienda"},"content":{"rendered":"<p>Fue comunicado a trav\u00e9s de sus redes sociales durante la ma\u00f1ana de este lunes.<!--more--><\/p>\n<hr \/>\n<p>A trav\u00e9s de sus redes sociales, el designado ministro de Econom\u00eda, Producci\u00f3n, Agricultura, Ganader\u00eda y Pesca, Sergio Massa, inform\u00f3 que <strong>Ra\u00fal Rigo asumir\u00e1 como Secretario de Hacienda.<\/strong><\/p>\n<p>&nbsp;<\/p>\n<p>A su vez,<strong> Jorge Domper ocupar\u00e1 el cargo de Subsecretario de Presupuesto, y Claudia Balestrini, de Subsecretaria de Ingresos P\u00fablicos.<\/strong> \u201cEl objetivo es ordenar y cuidar las cuentas p\u00fablicas\u201d, asegur\u00f3.<\/p>\n<p>&nbsp;<\/p>\n<blockquote><p>\u201cRa\u00fal Rigo ser\u00e1 el Secretario de Hacienda\u201d, expres\u00f3 Massa en su cuenta oficial de Twitter.<\/p><\/blockquote>\n<p>&nbsp;<\/p>\n<p>Y continu\u00f3: \u201cLo acompa\u00f1ar\u00e1n Jorge Domper como Subsecretario de Presupuesto y Claudia Balestrini a cargo de la Subsecretar\u00eda de Ingresos P\u00fablicos\u201d.<\/p>\n<p>&nbsp;<\/p>\n<blockquote class=\"twitter-tweet\" data-width=\"550\" data-dnt=\"true\">\n<p lang=\"es\" dir=\"ltr\">Les comunico que Ra\u00fal Rigo ser\u00e1 el Secretario de Hacienda.<br \/>Lo acompa\u00f1ar\u00e1n Jorge Domper como Subsecretario de Presupuesto y Claudia Balestrini a cargo de la Subsecretar\u00eda de Ingresos P\u00fablicos.<\/p>\n<p>El objetivo es ordenar y cuidar las cuentas p\u00fablicas.<\/p>\n<p>&mdash; Sergio Massa (@SergioMassa) <a href=\"https:\/\/twitter.com\/SergioMassa\/status\/1554085719307698176?ref_src=twsrc%5Etfw\">August 1, 2022<\/a><\/p><\/blockquote>\n<p><script async src=\"https:\/\/platform.twitter.com\/widgets.js\" charset=\"utf-8\"><\/script><\/p>\n","protected":false},"excerpt":{"rendered":"<p>Fue comunicado a trav\u00e9s de sus redes sociales durante la ma\u00f1ana de este lunes.<\/p>\n","protected":false},"author":5,"featured_media":61378,"comment_status":"closed","ping_status":"closed","sticky":false,"template":"","format":"standard","meta":{"_jetpack_memberships_contains_paid_content":false,"footnotes":""},"categories":[6,1],"tags":[],"class_list":["post-61377","post","type-post","status-publish","format-standard","has-post-thumbnail","hentry","category-nacionales","category-portada"],"jetpack_featured_media_url":"https:\/\/i0.wp.com\/cdnoticias.com\/wp-content\/uploads\/2022\/08\/raul-rigo-hacienda.jpg?fit=620%2C350&ssl=1","jetpack_sharing_enabled":true,"_links":{"self":[{"href":"https:\/\/cdnoticias.com\/index.php\/wp-json\/wp\/v2\/posts\/61377","targetHints":{"allow":["GET"]}}],"collection":[{"href":"https:\/\/cdnoticias.com\/index.php\/wp-json\/wp\/v2\/posts"}],"about":[{"href":"https:\/\/cdnoticias.com\/index.php\/wp-json\/wp\/v2\/types\/post"}],"author":[{"embeddable":true,"href":"https:\/\/cdnoticias.com\/index.php\/wp-json\/wp\/v2\/users\/5"}],"replies":[{"embeddable":true,"href":"https:\/\/cdnoticias.com\/index.php\/wp-json\/wp\/v2\/comments?post=61377"}],"version-history":[{"count":0,"href":"https:\/\/cdnoticias.com\/index.php\/wp-json\/wp\/v2\/posts\/61377\/revisions"}],"wp:featuredmedia":[{"embeddable":true,"href":"https:\/\/cdnoticias.com\/index.php\/wp-json\/wp\/v2\/media\/61378"}],"wp:attachment":[{"href":"https:\/\/cdnoticias.com\/index.php\/wp-json\/wp\/v2\/media?parent=61377"}],"wp:term":[{"taxonomy":"category","embeddable":true,"href":"https:\/\/cdnoticias.com\/index.php\/wp-json\/wp\/v2\/categories?post=61377"},{"taxonomy":"post_tag","embeddable":true,"href":"https:\/\/cdnoticias.com\/index.php\/wp-json\/wp\/v2\/tags?post=61377"}],"curies":[{"name":"wp","href":"https:\/\/api.w.org\/{rel}","templated":true}]}}