{"id":61347,"date":"2022-07-31T19:32:49","date_gmt":"2022-07-31T22:32:49","guid":{"rendered":"https:\/\/www.centraldenoticias.com.ar\/?p=61347"},"modified":"2022-07-31T19:33:07","modified_gmt":"2022-07-31T22:33:07","slug":"unicen-reinicia-sus-actividad-con-inscripciones-a-varias-carreras","status":"publish","type":"post","link":"https:\/\/cdnoticias.com\/index.php\/2022\/07\/31\/unicen-reinicia-sus-actividad-con-inscripciones-a-varias-carreras\/","title":{"rendered":"UNICEN reinicia sus actividades con inscripciones a varias carreras"},"content":{"rendered":"<p>La Universidad Nacional del Centro de la Provincia de Buenos Aires reinicia este lunes 1 de agosto su actividad administrativa y acad\u00e9mica. <!--more--><\/p>\n<hr \/>\n<p>&nbsp;<\/p>\n<p>La Universidad Nacional del Centro de la Provincia de Buenos Aires<strong> reinicia este lunes 1 de agosto su actividad administrativa y acad\u00e9mica.<\/strong><\/p>\n<p>&nbsp;<\/p>\n<p>Se encuentran algunas opciones para cursar carreras o anticipar los cursos de ingresos 2023 durante esta segunda mitad del a\u00f1o, seg\u00fan se trate de cada caso.<\/p>\n<p>&nbsp;<\/p>\n<p><strong>Diferentes opciones\u00a0<\/strong><\/p>\n<p>&nbsp;<\/p>\n<p><strong>Agronom\u00eda (Azul).<\/strong> Inscripci\u00f3n abierta. Ciclo Introductorio cursada agosto &#8211; noviembre 2022: modalidad cursada h\u00edbrida con ex\u00e1menes presenciales &#8211; <strong>Inicia el 16 de agosto.<\/strong><\/p>\n<p>&nbsp;<\/p>\n<p>Informaci\u00f3n e inscripci\u00f3n en <a href=\"http:\/\/www.faa.unicen.edu.ar\/comoingreso.php\" target=\"_blank\" rel=\"noopener\">http:\/\/www.faa.unicen.edu.ar\/comoingreso.php<\/a><\/p>\n<p>&nbsp;<\/p>\n<p><strong>Ciencias Veterinarias (Tandil)<\/strong>. Programa Articulatorio. <strong>La inscripci\u00f3n se realiza del 1 al 31 de agosto<\/strong>. Es un curso educativo optativo que anticipa el contacto acad\u00e9mico con los futuros alumnos de la Facultad. Adem\u00e1s, es una acci\u00f3n de extensi\u00f3n educativa extracurricular a la que pueden acceder los alumnos mientras cursan el \u00faltimo a\u00f1o de la Escuela Secundaria.<\/p>\n<p>&nbsp;<\/p>\n<p>M\u00e1s informaci\u00f3n en <a href=\"http:\/\/www.vet.unicen.edu.ar\/index.php\/pages\/futuros-estudiantes\" target=\"_blank\" rel=\"noopener\">http:\/\/www.vet.unicen.edu.ar\/index.php\/pages\/futuros-estudiantes<\/a><\/p>\n<p>&nbsp;<\/p>\n<p><strong>Ciencias Sociales (Olavarr\u00eda)<\/strong>. El <strong>per\u00edodo de pre-inscripci\u00f3n<\/strong> a las seis carreras de grado que ofrece Sociales estar\u00e1 abierto entre el<strong> 1 y el 5 de agosto.<\/strong> Para anotarse deber\u00e1n completar el formulario de pre-inscripci\u00f3n disponible en la web de Sociales. La documentaci\u00f3n impresa se recepciona de manera presencial en la oficina de Alumnos de FACSO, y de esta manera se completar\u00e1 el tr\u00e1mite de inscripci\u00f3n.<\/p>\n<p>&nbsp;<\/p>\n<p>Informaci\u00f3n e inscripci\u00f3n en <a href=\"https:\/\/www.soc.unicen.edu.ar\/index.php\/ingresantes\/inscripcion2022\" target=\"_blank\" rel=\"noopener\">https:\/\/www.soc.unicen.edu.ar\/index.php\/ingresantes\/inscripcion2022<\/a><\/p>\n<p>&nbsp;<\/p>\n<p><strong>Facultad de Arte (Tandil).<\/strong> Inscripci\u00f3n Segundo Cuatrimestre (v\u00eda mail).<strong> Del 1 al 5 de agosto.<\/strong> Se pueden cursar materias que se dicten en el segundo cuatrimestre del a\u00f1o.<\/p>\n<p>&nbsp;<\/p>\n<p>Ver m\u00e1s informaci\u00f3n en <a href=\"http:\/\/www.arte.unicen.edu.ar\/ingresantes\/\" target=\"_blank\" rel=\"noopener\">http:\/\/www.arte.unicen.edu.ar\/ingresantes\/<\/a><\/p>\n<p>&nbsp;<\/p>\n<p><strong>Facultad de Derecho (Azul).<\/strong> Abierta la inscripci\u00f3n para el curso de ingreso extendido\/anticipado para la carrera de Abogac\u00eda. Del <strong>11 de julio al 20 de agosto<\/strong>. El Curso introductorio anticipado se realizar\u00e1 con modalidad semi-presencial (con actividades presenciales sincr\u00f3nicas y actividades virtuales asincr\u00f3nicas). Los encuentros presenciales ser\u00e1n los d\u00edas s\u00e1bados: 3 y 17 de septiembre; 1, 15 y 29 de octubre; 12 y 26 de noviembre en el horario estimado de 9:00 a 16:00.<\/p>\n<p>&nbsp;<\/p>\n<p>En este caso se deben pre-inscribir ingresando en<a href=\"https:\/\/www.der.unicen.edu.ar\/ingresantes\/inscripcion\/\" target=\"_blank\" rel=\"noopener\"> https:\/\/www.der.unicen.edu.ar\/ingresantes\/inscripcion\/<\/a><\/p>\n","protected":false},"excerpt":{"rendered":"<p>La Universidad Nacional del Centro de la Provincia de Buenos Aires reinicia este lunes 1 de agosto su actividad administrativa<\/p>\n","protected":false},"author":6,"featured_media":61348,"comment_status":"closed","ping_status":"closed","sticky":false,"template":"","format":"standard","meta":{"_jetpack_memberships_contains_paid_content":false,"footnotes":""},"categories":[5,1],"tags":[],"class_list":["post-61347","post","type-post","status-publish","format-standard","has-post-thumbnail","hentry","category-informacion-general","category-portada"],"jetpack_featured_media_url":"https:\/\/i0.wp.com\/cdnoticias.com\/wp-content\/uploads\/2022\/07\/estudiantes-campus.jpg?fit=880%2C586&ssl=1","jetpack_sharing_enabled":true,"_links":{"self":[{"href":"https:\/\/cdnoticias.com\/index.php\/wp-json\/wp\/v2\/posts\/61347","targetHints":{"allow":["GET"]}}],"collection":[{"href":"https:\/\/cdnoticias.com\/index.php\/wp-json\/wp\/v2\/posts"}],"about":[{"href":"https:\/\/cdnoticias.com\/index.php\/wp-json\/wp\/v2\/types\/post"}],"author":[{"embeddable":true,"href":"https:\/\/cdnoticias.com\/index.php\/wp-json\/wp\/v2\/users\/6"}],"replies":[{"embeddable":true,"href":"https:\/\/cdnoticias.com\/index.php\/wp-json\/wp\/v2\/comments?post=61347"}],"version-history":[{"count":0,"href":"https:\/\/cdnoticias.com\/index.php\/wp-json\/wp\/v2\/posts\/61347\/revisions"}],"wp:featuredmedia":[{"embeddable":true,"href":"https:\/\/cdnoticias.com\/index.php\/wp-json\/wp\/v2\/media\/61348"}],"wp:attachment":[{"href":"https:\/\/cdnoticias.com\/index.php\/wp-json\/wp\/v2\/media?parent=61347"}],"wp:term":[{"taxonomy":"category","embeddable":true,"href":"https:\/\/cdnoticias.com\/index.php\/wp-json\/wp\/v2\/categories?post=61347"},{"taxonomy":"post_tag","embeddable":true,"href":"https:\/\/cdnoticias.com\/index.php\/wp-json\/wp\/v2\/tags?post=61347"}],"curies":[{"name":"wp","href":"https:\/\/api.w.org\/{rel}","templated":true}]}}