{"id":61338,"date":"2022-07-31T16:30:14","date_gmt":"2022-07-31T19:30:14","guid":{"rendered":"https:\/\/www.centraldenoticias.com.ar\/?p=61338"},"modified":"2022-07-31T16:30:14","modified_gmt":"2022-07-31T19:30:14","slug":"vacaciones-de-invierno-record-hubo-un-20-mas-de-viajeros-que-en-2021","status":"publish","type":"post","link":"https:\/\/cdnoticias.com\/index.php\/2022\/07\/31\/vacaciones-de-invierno-record-hubo-un-20-mas-de-viajeros-que-en-2021\/","title":{"rendered":"Vacaciones de invierno r\u00e9cord: hubo un 20% m\u00e1s de viajeros que en 2021"},"content":{"rendered":"<div class=\"td_block_wrap tdb_single_subtitle tdi_72 td-pb-border-top td_block_template_1\" data-td-block-uid=\"tdi_72\">\n<div class=\"tdb-block-inner td-fix-index\">\n<p>As\u00ed lo detall\u00f3 la CAME en un informe. \u201cEl impacto econ\u00f3mico fue 95,2% mayor a 2021 a precios constantes\u201d, indic\u00f3 el relevamiento.<\/p>\n<\/div>\n<\/div>\n<p><!--more--><\/p>\n<hr \/>\n<div class=\"td_block_wrap tdb_single_date tdi_73 td-pb-border-top td_block_template_1 tdb-post-meta\" data-td-block-uid=\"tdi_73\"><\/div>\n<div data-td-block-uid=\"tdi_73\">\n<p>Unos<strong> 5,2 millones de turistas y alrededor de 11 millones de excursionistas<\/strong> (personas que viajaron pero no pernoctaron en el destino) <strong>se movilizaron por el pa\u00eds durante el receso invernal<\/strong>, lo que representa un <strong>incremento del 20,7%<\/strong> si se lo compara con el mismo periodo de <strong>2021.<\/strong><\/p>\n<p>&nbsp;<\/p>\n<p>Los datos fueron difundidos a trav\u00e9s de un<strong> informe publicado<\/strong> este domingo por la <strong>Confederaci\u00f3n Argentina de la Mediana Empresa<\/strong> (CAME), en base a informaci\u00f3n brindada por entidades de provincias y municipios.<\/p>\n<p>&nbsp;<\/p>\n<p>A pesar de las <strong>dificultades econ\u00f3micas que atraviesa el pa\u00eds<\/strong>, seg\u00fan la organizaci\u00f3n que nuclea a empresarios las vacaciones de invierno \u201calcanzaron valores r\u00e9cord\u201d.<\/p>\n<p>&nbsp;<\/p>\n<p>\u201cEntre excursionistas y turistas, <strong>viajaron 15,9 millones de personas por el pa\u00eds<\/strong>, 20,7% m\u00e1s que el a\u00f1o pasado, y <strong>gastaron $147.313 millones<\/strong> en las ciudades que forman parte del circuito tur\u00edstico nacional\u201d, indic\u00f3 la CAME. Y agreg\u00f3: \u201cEl impacto econ\u00f3mico fue 95,2% mayor a 2021 a precios constantes\u201d.<\/p>\n<p>&nbsp;<\/p>\n<p>Los turistas (viajeros que se alojaron) fueron 5.186.281 y alcanzaron una estad\u00eda media de 4 d\u00edas, un gasto diario promedio de $ 5.830. En total, dejaron ingresos por $ 120.944 millones. \u201cA precios constantes, el impacto econ\u00f3mico aument\u00f3 102,2% frente a las vacaciones de invierno 2021\u201d, indic\u00f3 la CAME.<\/p>\n<p>&nbsp;<\/p>\n<p>Y se\u00f1al\u00f3 que \u201cla suba tan importante frente al a\u00f1o pasado ocurri\u00f3 porque creci\u00f3 24,9% la cantidad de turistas, la estad\u00eda media se increment\u00f3 5,3% y el desembolso promedio diario, a precios constantes, subi\u00f3 53,8%\u201d.<\/p>\n<p>&nbsp;<\/p>\n<p>\u201cEn la suba del gasto diario incidi\u00f3 mucho la inyecci\u00f3n de dinero de los visitantes internacionales, adem\u00e1s de que este a\u00f1o las <strong>familias realizaron viajes a distancias m\u00e1s largas que en 2021,<\/strong> involucrando m\u00e1s costos de transporte\u201d, agreg\u00f3. Y detall\u00f3: \u201c<strong>Tambi\u00e9n hubo m\u00e1s oferta de actividades recreativas, deportivas y culturales<\/strong> (el a\u00f1o pasado fueron m\u00e1s limitadas por la pandemia)\u201d.<\/p>\n<p>&nbsp;<\/p>\n<p>En el caso de los excursionistas (viajeros son pernocte), se movilizaron unas 10.740.850 personas y gastaron\u00a0 $ 2.455 cada uno en promedio, dejando un impacto econ\u00f3mico de $ 23.369 millones.<\/p>\n<p>&nbsp;<\/p>\n<p>\u201cEl movimiento de excursionistas fue 18,7% mayor a 2021, el desembolso diario ascendi\u00f3 41,8%, y por lo que el gasto total trep\u00f3 68,4%, ambos a precios constantes, es decir, sin considerar el impacto de la inflaci\u00f3n\u201d, indic\u00f3 la CAME. Y aclar\u00f3 que \u201cel aumento del gasto real se explica b\u00e1sicamente por la amplia agenda de programas que tuvieron disponibles las ciudades del pa\u00eds\u201d.<\/p>\n<p>&nbsp;<\/p>\n<p><strong>Nieve, la estrella del invierno<\/strong><\/p>\n<p>&nbsp;<\/p>\n<p>La CAME se\u00f1al\u00f3 que<strong> las grandes nevadas que se registraron en el pa\u00eds \u201cdespertaron mucho entusiasmo\u201d<\/strong> y que eso \u201cse not\u00f3 en el incremento de visitantes que tuvieron este a\u00f1o las ciudades con ese recurso\u201d.<\/p>\n<p>&nbsp;<\/p>\n<p>As\u00ed, por ejemplo, los niveles de ocupaci\u00f3n en <strong>R\u00edo Negro<\/strong> (con Bariloche a la cabeza) promediaron el 95% los fines de semana, siendo esta provincia \u201cuna de las m\u00e1s elegidas por los turistas que llegaron a la cordillera\u201d. \u201cSeg\u00fan datos de Aerol\u00edneas Argentinas, los vuelos hacia <strong>Bariloche<\/strong> partieron con un 93% de ocupaci\u00f3n\u201d, se\u00f1al\u00f3 la Confederaci\u00f3n.<\/p>\n<p>&nbsp;<\/p>\n<p>En tanto, en <strong>Mendoza<\/strong> pasaron unos 460 mil turistas. \u201cLos lugares m\u00e1s convocantes fueron Las Le\u00f1as, en Malarg\u00fce, con todos sus hospedajes ocupados; San Rafael, con 90% de ocupaci\u00f3n los fines de semana; el Valle de Uco, Potrerillos, en Luj\u00e1n de Cuyo, y la ciudad de Mendoza\u201d, indica el informe de CAME.<\/p>\n<p>&nbsp;<\/p>\n<p>El documento tambi\u00e9n da cuenta de buenos n\u00fameros en distintas provincias cordilleranas como <strong>Tierra del Fuego, Santa Cruz, Chubut y Neuqu\u00e9n.<\/strong> Sobre esta \u00faltima se\u00f1ala que \u201ctodos los destinos tur\u00edsticos superaron el 70% de ocupaci\u00f3n en la semana y llegaron a picos del 96% los fines de semana\u201d.<\/p>\n<p>&nbsp;<\/p>\n<p>Asimismo, se\u00f1ala que (seg\u00fan estad\u00edsticas del Ministerio de Turismo y Deportes de la Naci\u00f3n) \u201c<strong>m\u00e1s de 300 mil personas disfrutaron del beneficio PreViaje en estas vacaciones de inviern<\/strong>o, generando ingresos superiores a los $9.000 millones para el sector s\u00f3lo por efecto de ese programa\u201d.<\/p>\n<p>&nbsp;<\/p>\n<p><strong>Desempe\u00f1o bonaerense<\/strong><\/p>\n<p>&nbsp;<\/p>\n<p>El informe de CAME se\u00f1ala que en la <strong>provincia de Buenos Aires<\/strong> <strong>se movilizaron \u201c790 mil turistas con pernocte durante las vacaciones de julio<\/strong>\u201d y que en la costa se destacaron los destinos de \u201c<strong>Mar del Plata, Pinamar, Villa Gese<\/strong>ll, y las ciudades del Partido de la Costa\u201d.<\/p>\n<p>&nbsp;<\/p>\n<p>\u201cS\u00f3lo a Villa Gesell se estima que ingresaron 70 mil visitantes, entre turistas y excursionistas durante julio\u201d, advierte el relevamiento. Y agrega: \u201cMar del Plata, como siempre, se destac\u00f3 por su oferta art\u00edstica y recreativa, para todas las edades\u201d.<\/p>\n<p>&nbsp;<\/p>\n<p>CAME tambi\u00e9n indic\u00f3 que \u201cen el <strong>interior de la provincia<\/strong>, los niveles de ocupaci\u00f3n en la semana llegaron a 90% en <strong>Tandil<\/strong>, 80% en<strong> Sierra de la Ventana<\/strong> y 78% en <strong>Tigre<\/strong>, alcanzando escalas casi plenas los fines de semana\u201d.<\/p>\n<p>&nbsp;<\/p>\n<p>Por otro lado, tambi\u00e9n se destacaron destino como <strong>La Plata, Baradero, Carmen de Patagones, San Miguel del Monte, Chascom\u00fas, Lobos, San Pedro y San Antonio de Areco<\/strong>. \u201cTodas las ciudades de la provincia organizaron sus festejos y eventos, con una amplia agenda de actividades, para atraer a las familias, tanto a quedarse a pernocatar como a pasar el d\u00eda\u201d, se\u00f1ala el informe.<\/p>\n<\/div>\n<p>&nbsp;<\/p>\n<p><em>Fuente: DIB\u00a0<\/em><\/p>\n","protected":false},"excerpt":{"rendered":"<p>As\u00ed lo detall\u00f3 la CAME en un informe. \u201cEl impacto econ\u00f3mico fue 95,2% mayor a 2021 a precios constantes\u201d, indic\u00f3<\/p>\n","protected":false},"author":6,"featured_media":61339,"comment_status":"closed","ping_status":"closed","sticky":false,"template":"","format":"standard","meta":{"_jetpack_memberships_contains_paid_content":false,"footnotes":""},"categories":[6,1],"tags":[],"class_list":["post-61338","post","type-post","status-publish","format-standard","has-post-thumbnail","hentry","category-nacionales","category-portada"],"jetpack_featured_media_url":"https:\/\/i0.wp.com\/cdnoticias.com\/wp-content\/uploads\/2022\/07\/FYxUehMXgAEXhhk.jpg?fit=1079%2C720&ssl=1","jetpack_sharing_enabled":true,"_links":{"self":[{"href":"https:\/\/cdnoticias.com\/index.php\/wp-json\/wp\/v2\/posts\/61338","targetHints":{"allow":["GET"]}}],"collection":[{"href":"https:\/\/cdnoticias.com\/index.php\/wp-json\/wp\/v2\/posts"}],"about":[{"href":"https:\/\/cdnoticias.com\/index.php\/wp-json\/wp\/v2\/types\/post"}],"author":[{"embeddable":true,"href":"https:\/\/cdnoticias.com\/index.php\/wp-json\/wp\/v2\/users\/6"}],"replies":[{"embeddable":true,"href":"https:\/\/cdnoticias.com\/index.php\/wp-json\/wp\/v2\/comments?post=61338"}],"version-history":[{"count":0,"href":"https:\/\/cdnoticias.com\/index.php\/wp-json\/wp\/v2\/posts\/61338\/revisions"}],"wp:featuredmedia":[{"embeddable":true,"href":"https:\/\/cdnoticias.com\/index.php\/wp-json\/wp\/v2\/media\/61339"}],"wp:attachment":[{"href":"https:\/\/cdnoticias.com\/index.php\/wp-json\/wp\/v2\/media?parent=61338"}],"wp:term":[{"taxonomy":"category","embeddable":true,"href":"https:\/\/cdnoticias.com\/index.php\/wp-json\/wp\/v2\/categories?post=61338"},{"taxonomy":"post_tag","embeddable":true,"href":"https:\/\/cdnoticias.com\/index.php\/wp-json\/wp\/v2\/tags?post=61338"}],"curies":[{"name":"wp","href":"https:\/\/api.w.org\/{rel}","templated":true}]}}