{"id":61327,"date":"2022-07-31T20:30:17","date_gmt":"2022-07-31T23:30:17","guid":{"rendered":"https:\/\/www.centraldenoticias.com.ar\/?p=61327"},"modified":"2022-08-01T08:39:58","modified_gmt":"2022-08-01T11:39:58","slug":"se-hizo-un-avance-reunion-entre-los-sindicatos-para-conformar-la-cgt-local","status":"publish","type":"post","link":"https:\/\/cdnoticias.com\/index.php\/2022\/07\/31\/se-hizo-un-avance-reunion-entre-los-sindicatos-para-conformar-la-cgt-local\/","title":{"rendered":"\u201cSe hizo un avance\u201d: reuni\u00f3n entre los sindicatos para conformar la CGT local"},"content":{"rendered":"<p>Es el balance de Ezequiel Collado de La Casa del Trabajador. Este lunes habr\u00e1 un nuevo encuentro y se buscar\u00e1 fijar una fecha para la presentaci\u00f3n de avales.<!--more--><\/p>\n<hr \/>\n<p><a href=\"https:\/\/cdnoticias.com\/index.php\/2022\/07\/28\/ezequiel-collado-no-queremos-cargos-lo-que-buscamos-es-que-la-cgt-este-consolidada\/\" target=\"_blank\" rel=\"noopener\">Tal como se hab\u00eda adelantado desde Central de Noticias<\/a>, <strong>el viernes se llev\u00f3 adelante otra reuni\u00f3n entre referentes del Frente Sindical y Gremial de Olavarr\u00eda con asistencia de La Casa del Trabajador<\/strong>. Tuvo lugar en La Fraternidad con el objetivo de avanzar en la <strong>organizaci\u00f3n de la CGT de Olavarr\u00eda<\/strong>.<\/p>\n<p>&nbsp;<\/p>\n<p><strong>\u201cSe hizo un avance\u201d afirm\u00f3 Ezequiel Collado<\/strong>, de La Casa del Trabajador, tras el encuentro. Hizo hincapi\u00e9 en que <strong>se sostuvo la intenci\u00f3n de \u201cunidad\u201d<\/strong> por parte de todos los presentes de cara al armado de la Confederaci\u00f3n.<\/p>\n<p>&nbsp;<\/p>\n<blockquote><p>\u201cLa idea es que de ahora en m\u00e1s las reuniones se hagan en forma conjunta\u201d destac\u00f3 para se\u00f1alar \u201ccreo que vamos bien\u201d.<\/p><\/blockquote>\n<p>&nbsp;<\/p>\n<p>En este sentido, cont\u00f3 que <strong>para este lunes ya hab\u00eda programada una reuni\u00f3n en la sede de AOMA<\/strong>. Ser\u00e1 abierta y esperan que asistan integrantes del Frente Gremial.<\/p>\n<p>&nbsp;<\/p>\n<p>El objetivo all\u00ed ser\u00e1<strong> \u201cparticipar con miras a ya poner una fecha para juntar todos los avales de los gremios de Olavarr\u00eda\u201d<\/strong>. Con estos avales se conocer\u00e1 la conformaci\u00f3n de la entidad.<\/p>\n<p>&nbsp;<\/p>\n<p>Cuando se defina esa fecha, <strong>ser\u00e1 el puntapi\u00e9 inicial para la definici\u00f3n del calendario que lleve a la normalizaci\u00f3n de la CGT<\/strong> Olavarr\u00eda con la elecci\u00f3n de una conducci\u00f3n.<\/p>\n","protected":false},"excerpt":{"rendered":"<p>Es el balance de Ezequiel Collado de La Casa del Trabajador. Este lunes habr\u00e1 un nuevo encuentro y se buscar\u00e1<\/p>\n","protected":false},"author":4,"featured_media":61054,"comment_status":"closed","ping_status":"closed","sticky":false,"template":"","format":"standard","meta":{"_jetpack_memberships_contains_paid_content":false,"footnotes":""},"categories":[4,1],"tags":[],"class_list":["post-61327","post","type-post","status-publish","format-standard","has-post-thumbnail","hentry","category-politica","category-portada"],"jetpack_featured_media_url":"https:\/\/i0.wp.com\/cdnoticias.com\/wp-content\/uploads\/2022\/07\/la-casa-del-trabajador-01.jpg?fit=800%2C445&ssl=1","jetpack_sharing_enabled":true,"_links":{"self":[{"href":"https:\/\/cdnoticias.com\/index.php\/wp-json\/wp\/v2\/posts\/61327","targetHints":{"allow":["GET"]}}],"collection":[{"href":"https:\/\/cdnoticias.com\/index.php\/wp-json\/wp\/v2\/posts"}],"about":[{"href":"https:\/\/cdnoticias.com\/index.php\/wp-json\/wp\/v2\/types\/post"}],"author":[{"embeddable":true,"href":"https:\/\/cdnoticias.com\/index.php\/wp-json\/wp\/v2\/users\/4"}],"replies":[{"embeddable":true,"href":"https:\/\/cdnoticias.com\/index.php\/wp-json\/wp\/v2\/comments?post=61327"}],"version-history":[{"count":0,"href":"https:\/\/cdnoticias.com\/index.php\/wp-json\/wp\/v2\/posts\/61327\/revisions"}],"wp:featuredmedia":[{"embeddable":true,"href":"https:\/\/cdnoticias.com\/index.php\/wp-json\/wp\/v2\/media\/61054"}],"wp:attachment":[{"href":"https:\/\/cdnoticias.com\/index.php\/wp-json\/wp\/v2\/media?parent=61327"}],"wp:term":[{"taxonomy":"category","embeddable":true,"href":"https:\/\/cdnoticias.com\/index.php\/wp-json\/wp\/v2\/categories?post=61327"},{"taxonomy":"post_tag","embeddable":true,"href":"https:\/\/cdnoticias.com\/index.php\/wp-json\/wp\/v2\/tags?post=61327"}],"curies":[{"name":"wp","href":"https:\/\/api.w.org\/{rel}","templated":true}]}}