{"id":61316,"date":"2022-07-31T12:49:27","date_gmt":"2022-07-31T15:49:27","guid":{"rendered":"https:\/\/www.centraldenoticias.com.ar\/?p=61316"},"modified":"2022-07-31T12:52:05","modified_gmt":"2022-07-31T15:52:05","slug":"la-vacuna-pediatrica-contra-el-coronavirus-es-segura-y-protege-la-presencialidad-escolar","status":"publish","type":"post","link":"https:\/\/cdnoticias.com\/index.php\/2022\/07\/31\/la-vacuna-pediatrica-contra-el-coronavirus-es-segura-y-protege-la-presencialidad-escolar\/","title":{"rendered":"La vacuna pedi\u00e1trica contra el coronavirus es segura y protege la presencialidad escolar"},"content":{"rendered":"<p>Visto bueno desde la Sociedad Argentina de Pediatr\u00eda a trav\u00e9s del infect\u00f3logo Omar Tabacco al esquema de la inoculaci\u00f3n con Moderna: se aplica con dos dosis, con un intervalo de cuatro meses.<!--more--><\/p>\n<hr \/>\n<p>&nbsp;<\/p>\n<p>Por <em>Florencia Vaveluk \/ Telam<\/em><\/p>\n<p>&nbsp;<\/p>\n<p><strong>Infect\u00f3logos de la Sociedad Argentina de Pediatr\u00eda (SAP) se\u00f1alaron que la vacuna contra el coronavirus del laboratorio Moderna para la poblaci\u00f3n a partir de los seis meses de vida &#8220;es segura&#8221;<\/strong> y &#8220;contribuye a reducir la circulaci\u00f3n del virus&#8221;, lo que &#8220;protege la socializaci\u00f3n en general y la presencialidad escolar&#8221;.<\/p>\n<p>&nbsp;<\/p>\n<blockquote><p>&#8220;Considero que <a href=\"https:\/\/cdnoticias.com\/index.php\/2022\/07\/26\/comienza-la-inscripcion-a-ninos-y-ninas-para-vacunarse-contra-el-covid\/\" target=\"_blank\" rel=\"noopener\">la posibilidad de vacunar a los ni\u00f1os desde los seis meses hasta los tres a\u00f1os<\/a> es una muy buena noticia, ya que eran los que todav\u00eda no pod\u00edamos proteger&#8221;, dijo a T\u00e9lam Omar Tabacco, m\u00e9dico infect\u00f3logo y expresidente de la SAP. El especialista destac\u00f3 la importancia de la vacunaci\u00f3n &#8220;en todo el rango pedi\u00e1trico&#8221; por tres razones: contribuye a la protecci\u00f3n de los ni\u00f1os, aumenta la inmunidad colectiva ya que disminuye la circulaci\u00f3n del virus y la posible aparici\u00f3n de nuevas variantes, y &#8220;es una forma de promover y proteger la socializaci\u00f3n en general y la presencialidad escolar en particular&#8221;.<\/p><\/blockquote>\n<p>&nbsp;<\/p>\n<p>Adem\u00e1s de los beb\u00e9s a partir de los seis meses y hasta los dos a\u00f1os, 11 meses y 29 d\u00edas a quienes se les dar\u00e1 el esquema primario de dos dosis, <strong>la campa\u00f1a incluye una aplicaci\u00f3n de refuerzo para los ni\u00f1os de tres y cuatro a\u00f1os<\/strong> que hayan recibido previamente el esquema del laboratorio Sinopharm.<\/p>\n<p>&nbsp;<\/p>\n<p><strong>La vacuna colabora a la prevenci\u00f3n<\/strong> ya que al haber una mayor poblaci\u00f3n vacunada, menos posibilidad le damos al virus que circule, evitamos que los ni\u00f1os se enfermen<\/p>\n<p>&nbsp;<\/p>\n<p>Tabacco asegur\u00f3 que<strong> la dosis producida por el laboratorio Moderna &#8220;est\u00e1 aprobada por los entes vacunatorios<\/strong>: la Anmat (Administraci\u00f3n Nacional de Medicamentos, Alimentos y Tecnolog\u00eda M\u00e9dica) en Argentina, y la FDA (Administraci\u00f3n de Alimentos y Medicamentos) en Estados Unidos, que valoraron la eficacia y seguridad del inmunizante. Es importante transmitir a los padres eso&#8221;, insisti\u00f3.<\/p>\n<p>&nbsp;<\/p>\n<p><strong>&#8220;Con la vacunaci\u00f3n hemos logrado controlar la peor cara de la pandemia<\/strong>, que hoy forma parte de un virus estacional m\u00e1s; puede haber nuevos casos pero sin que esto de alguna forma se traslade a un \u00edndice importante de internaci\u00f3n o fallecimientos&#8221;, continu\u00f3 el especialista.\u00a0Y agreg\u00f3 que esta situaci\u00f3n &#8220;es lo que le pedimos a las vacunas, que nos protegen de las formas m\u00e1s graves de la enfermedad&#8221;.<\/p>\n<p>&nbsp;<\/p>\n<blockquote><p>Por su parte, la infect\u00f3loga pediatra Elizabeth Bogdanowicz sostuvo que &#8220;si bien el virus es menos grave en la poblaci\u00f3n pedi\u00e1trica, no deja de ser una enfermedad que puede llegar a tener relevancia&#8221;.\u00a0Apunt\u00f3 a que est\u00e1 descrito &#8220;que los chicos menores de un a\u00f1o pueden tener enfermedad significativa y tambi\u00e9n pueden provocar complicaciones de lo que se llama Covid prolongado o s\u00edndrome post Covid&#8221;.<\/p><\/blockquote>\n<p>&nbsp;<\/p>\n<p>&#8220;La vacuna ayuda no solo a reducir el impacto que puede tener (el virus) en la circulaci\u00f3n de la comunidad&#8221;, sino tambi\u00e9n para &#8220;cuidar la salud de los m\u00e1s peque\u00f1os&#8221;, agreg\u00f3.<\/p>\n<p>&nbsp;<\/p>\n<p>En cuanto a los <strong>s\u00edntomas posvacunaci\u00f3n<\/strong>, indic\u00f3 que puede manifestarse dolor y sensaci\u00f3n de picaz\u00f3n en el sitio de aplicaci\u00f3n, fiebre, decaimiento e inflamaci\u00f3n de los ganglios.<\/p>\n<p>&nbsp;<\/p>\n<p><strong>&#8220;Todas las vacunas pueden tener reacciones secundarias, a\u00fan las del calendario, y no por ello dejamos de aplicarlas&#8221;<\/strong>, dijo y detall\u00f3 que &#8220;la experiencia ha demostrado que las vacunas son muy seguras&#8221;.<\/p>\n<p>&nbsp;<\/p>\n<blockquote><p>En paralelo, la infect\u00f3loga e investigadora cl\u00ednica Ana Ceballos -miembro de la SAP de la provincia de C\u00f3rdoba- remarc\u00f3 a T\u00e9lam la importancia de la vacunaci\u00f3n ya que &#8220;aunque no tengan factores de riesgo, los ni\u00f1os pueden infectarse, enfermarse severamente y tener secuelas&#8221;.<\/p><\/blockquote>\n<p>&nbsp;<\/p>\n<p>De esta forma, <strong>la vacuna colabora a la prevenci\u00f3n<\/strong> ya que al haber &#8220;una mayor poblaci\u00f3n vacunada, menos posibilidad le damos al virus que circule, evitamos que los ni\u00f1os se enfermen y que contagien a quienes no se vacunaron&#8221;.<\/p>\n<p>&nbsp;<\/p>\n<p>A su vez, precis\u00f3 que la dosis de Moderna &#8220;es una vacuna ARN mensajero que genera muy buena respuesta inmune&#8221; y precis\u00f3 que fue producida por una empresa &#8220;experta en el desarrollo de vacunas&#8221;.<\/p>\n<p>&nbsp;<\/p>\n<p>La especialista tambi\u00e9n disip\u00f3 dudas sobre los efectos adversos, al afirmar que <strong>las dosis &#8220;no llegan al mercado sin estudios previos<\/strong>, que en este caso se hicieron en Canad\u00e1 y Estados Unidos siguiendo distintas fases&#8221; y dijo que &#8220;nunca se dejan de controlar los efectos secundarios en las investigaciones&#8221;.<\/p>\n<p>&nbsp;<\/p>\n<p><strong>Las vacunas de Moderna tambi\u00e9n ser\u00e1n inoculadas como refuerzo para la poblaci\u00f3n de tres y cuatro a\u00f1os<\/strong> que haya completado su esquema de dos dosis de <strong>Sinopharm<\/strong>.<\/p>\n<p>&nbsp;<\/p>\n<p>El esquema de la vacuna de Moderna se aplica con dos dosis para las ni\u00f1as y ni\u00f1os desde los seis meses hasta los dos a\u00f1os, 11 meses y 29 d\u00edas, <strong>con un intervalo de cuatro semanas entre ambas<\/strong>.\u00a0La \u00fanica diferencia que tiene la vacuna para el grupo etario m\u00e1s joven &#8220;es que la formulaci\u00f3n tiene menos miligramos que la que se usa en los mayores de 12 a\u00f1os&#8221;, se\u00f1al\u00f3 Ceballos.<\/p>\n<p>&nbsp;<\/p>\n<p>Las vacunas de Moderna tambi\u00e9n ser\u00e1n incoculadas como refuerzo para la poblaci\u00f3n de tres y cuatro a\u00f1os que haya completado su esquema de dos dosis de Sinopharm, transcurridos 120 d\u00edas de la \u00faltima.<\/p>\n<p>&nbsp;<\/p>\n<p>Por otro lado, para los beb\u00e9s y ni\u00f1os inmunocomprometidos &#8220;se recomienda una dosis adicional a los 28 d\u00edas, pero esto ya es con indicaci\u00f3n m\u00e9dica&#8221;, especific\u00f3 la infect\u00f3loga, quien destac\u00f3 que las dem\u00e1s vacunas del calendario nacional &#8220;podr\u00e1n coadministrarse junto con la de Moderna&#8221;.<\/p>\n<p>&nbsp;<\/p>\n<p>Al respecto, agreg\u00f3 que &#8220;no existe un intervalo de tiempo entre las dosis de distintas vacunas&#8221;.<\/p>\n<p>&nbsp;<\/p>\n<p>Por \u00faltimo, la especialista sostuvo que los estudios en adultos de la vacuna &#8220;han mostrado su eficacia en los niveles de anticuerpos y que no generan, en la mayor\u00eda, efectos secundarios severos&#8221;, motivo por el cual llam\u00f3 a &#8220;seguir vacunando para aumentar la barrera epidemiol\u00f3gica&#8221;.<\/p>\n","protected":false},"excerpt":{"rendered":"<p>Visto bueno desde la Sociedad Argentina de Pediatr\u00eda a trav\u00e9s del infect\u00f3logo Omar Tabacco al esquema de la inoculaci\u00f3n con<\/p>\n","protected":false},"author":4,"featured_media":26350,"comment_status":"closed","ping_status":"closed","sticky":false,"template":"","format":"standard","meta":{"_jetpack_memberships_contains_paid_content":false,"footnotes":""},"categories":[16,1],"tags":[],"class_list":["post-61316","post","type-post","status-publish","format-standard","has-post-thumbnail","hentry","category-covid-19","category-portada"],"jetpack_featured_media_url":"https:\/\/i0.wp.com\/cdnoticias.com\/wp-content\/uploads\/2021\/07\/606da89b55d1e_1004x565.jpg?fit=1004%2C565&ssl=1","jetpack_sharing_enabled":true,"_links":{"self":[{"href":"https:\/\/cdnoticias.com\/index.php\/wp-json\/wp\/v2\/posts\/61316","targetHints":{"allow":["GET"]}}],"collection":[{"href":"https:\/\/cdnoticias.com\/index.php\/wp-json\/wp\/v2\/posts"}],"about":[{"href":"https:\/\/cdnoticias.com\/index.php\/wp-json\/wp\/v2\/types\/post"}],"author":[{"embeddable":true,"href":"https:\/\/cdnoticias.com\/index.php\/wp-json\/wp\/v2\/users\/4"}],"replies":[{"embeddable":true,"href":"https:\/\/cdnoticias.com\/index.php\/wp-json\/wp\/v2\/comments?post=61316"}],"version-history":[{"count":0,"href":"https:\/\/cdnoticias.com\/index.php\/wp-json\/wp\/v2\/posts\/61316\/revisions"}],"wp:featuredmedia":[{"embeddable":true,"href":"https:\/\/cdnoticias.com\/index.php\/wp-json\/wp\/v2\/media\/26350"}],"wp:attachment":[{"href":"https:\/\/cdnoticias.com\/index.php\/wp-json\/wp\/v2\/media?parent=61316"}],"wp:term":[{"taxonomy":"category","embeddable":true,"href":"https:\/\/cdnoticias.com\/index.php\/wp-json\/wp\/v2\/categories?post=61316"},{"taxonomy":"post_tag","embeddable":true,"href":"https:\/\/cdnoticias.com\/index.php\/wp-json\/wp\/v2\/tags?post=61316"}],"curies":[{"name":"wp","href":"https:\/\/api.w.org\/{rel}","templated":true}]}}