{"id":61308,"date":"2022-07-31T11:43:38","date_gmt":"2022-07-31T14:43:38","guid":{"rendered":"https:\/\/www.centraldenoticias.com.ar\/?p=61308"},"modified":"2022-07-31T14:19:51","modified_gmt":"2022-07-31T17:19:51","slug":"lesa-humanidad-seguiremos-insistiendo-para-que-las-audiencias-tambien-se-realicen-en-azul-y-tandil","status":"publish","type":"post","link":"https:\/\/cdnoticias.com\/index.php\/2022\/07\/31\/lesa-humanidad-seguiremos-insistiendo-para-que-las-audiencias-tambien-se-realicen-en-azul-y-tandil\/","title":{"rendered":"Lesa humanidad: \u201cSeguiremos insistiendo para que las audiencias tambi\u00e9n se realicen en Azul y Tandil\u201d"},"content":{"rendered":"<p>El \u201csentido reparador\u201d de los procesos. El presidente de la Asamblea Permanente por los Derechos Humanos, abogado y querellante en varias causas, Guillermo Torremare, habl\u00f3 sobre el juicio por la denominada Subzona 12.<\/p>\n<p><!--more--><\/p>\n<hr \/>\n<p>&nbsp;<\/p>\n<p><em>Por Araceli Lacore \/ Agencia Telam<\/em><\/p>\n<p>&nbsp;<\/p>\n<p><strong>El tribunal Oral Federal de Mar del Plata analiza las <a href=\"https:\/\/cdnoticias.com\/index.php\/2022\/07\/03\/lesa-humanidad-en-el-centro-bonaerense-con-tres-testimonios-siguio-el-juicio-la-huerta\/\">causas conocidas como \u2018\u2019La Huerta\u2019\u2019<\/a><\/strong><em>, en donde se investigan cr\u00edmenes cometidos en la \u2018\u2019Quinta de M\u00e9ndez&#8221;, en las comisar\u00edas 1era y 2da de Tandil, en el jard\u00edn maternal de Paula, la ex delegaci\u00f3n de la polic\u00eda federal, la comisaria 1era, la unidad 7, el ex Ferrocarril provincial y el regimiento de la ciudad de Azul<\/em>. Est\u00e1n imputados ex miembros del ej\u00e9rcito, de la polic\u00eda, y del servicio penitenciario bonaerense. Tambi\u00e9n los civiles Emilio y julio M\u00e9ndez, propietarios de la quinta utilizada como centro clandestino de detenci\u00f3n y tortura. Sobre el tema <strong>fue consultado el abogado y querellante en causas por delitos de lesa humanidad Guillermo Torremare<\/strong>.<\/p>\n<p>&nbsp;<\/p>\n<p><em>&#8211; \u00bfEn qu\u00e9 situaci\u00f3n se encuentra el juicio de la denominada Subzona 12?<\/em><\/p>\n<p>&nbsp;<\/p>\n<p>&#8211; Est\u00e1 en la etapa de debate que consiste en el desarrollo de la prueba testimonial que se ha ofrecido para demostrar la acusaci\u00f3n inicial. Ser\u00e1 una etapa larga porque <strong>son muchos los casos en juzgamiento y precisamente por ello es elevad\u00edsimo el n\u00famero de testigos propuestos.<\/strong> Adem\u00e1s, hay una audiencia cada 15 d\u00edas, lo que tambi\u00e9n hace que el juicio se demore mucho.<\/p>\n<p>&nbsp;<\/p>\n<p><em>&#8211; En este juicio hay causas unificadas. \u00bfCu\u00e1les son?<\/em><\/p>\n<p>&nbsp;<\/p>\n<p>&#8211; El juicio consta de <strong>muchos casos que fueron investigados originalmente por el Juzgado Federal de Azul<\/strong>. Esos casos se fueron desmembrando en diferentes causas para una mejor investigaci\u00f3n y ahora llegan casi todas unificadas a esta etapa.<\/p>\n<p>&nbsp;<\/p>\n<p><em>&#8211; El centro de la provincia de Buenos Aires fue una zona de constantes pr\u00e1cticas de delitos de lesa humanidad que ahora adquiere notoriedad p\u00fablica. \u00bfCu\u00e1ndo comienza el trabajo de la A.P.D.H ?<\/em><\/p>\n<p>&nbsp;<\/p>\n<p>&#8211; Si bien ahora est\u00e1 tramitando esta mega causa, antes hubo otras relativas a los delitos de lesa humanidad cometidos en el centro de la Provincia de Buenos Aires. <strong>Ya se juzgaron dos causas cuyo <a href=\"https:\/\/cdnoticias.com\/index.php\/2021\/03\/31\/monte-peloni-casacion-anulo-cuatro-absoluciones-y-una-condena-a-perpetua\/\" target=\"_blank\" rel=\"noopener\">epicentro fue el Centro Clandestino de Detenci\u00f3n Monte Peloni -en Olavarr\u00eda-<\/a> y otra que gir\u00f3 principalmente sobre el llamado La Huerta<\/strong>, aunque los hechos en juzgamiento excedieron lo sucedido en esos lugares. Las investigaciones iniciales, como dije llevadas a cabo por el Juzgado Federal de Azul, son de vieja data. <strong>APDH estuvo como querellante desde un primer momento.<\/strong> En ese rol colabor\u00f3 con la investigaci\u00f3n aportando datos y pruebas.<\/p>\n<p>&nbsp;<\/p>\n<p><em>-El juicio se est\u00e1 desarrollando en Mar del Plata: \u00bfHay posibilidades de que tambi\u00e9n se lleve a cabo en Tandil o Azul?<\/em><\/p>\n<p>&nbsp;<\/p>\n<p>&#8211; <strong>Tanto la Secretar\u00eda de DDHH de la provincia como nosotros (APDH), que somos las partes querellantes, hemos pedido que el juicio se haga en Tandil<\/strong>, que es el lugar donde ocurrieron la mayor cantidad de hechos en juzgamiento, y por supuesto que tambi\u00e9n estar\u00edamos de acuerdo en que se haga en Azul lo que tenga que ver con lo all\u00ed sucedido. <strong>Nuestro argumento es que los juicios de lesa involucran a toda la sociedad y tienen un sentido reparador, de modo que deben realizarse cerca de esa sociedad da\u00f1ada por los hechos en juzgamiento<\/strong>. Las defensas de los imputados se han opuesto porque prefieren que todo pase lo m\u00e1s desapercibidamente posible. Si bien el Tribunal no ha rechazado expresamente nuestro planteo, hasta ahora las audiencias tienen como lugar central a su sede f\u00edsica, que est\u00e1 en Mar del Plata. De todos modos, tanto en Tandil como en Azul se han habilitado salas de audiencias virtuales donde el p\u00fablico sigue telem\u00e1ticamente las declaraciones de las y los testigos. Hoy todo est\u00e1 un poco desdibujado por el car\u00e1cter mixto (presencial y virtual) con que se desarrollan las audiencias. Por nuestra parte seguiremos insistiendo en que las audiencias se realicen en Tandil y Azul.<\/p>\n<p>&nbsp;<\/p>\n<p><em>&#8211; \u00bfCu\u00e1ntos testigos y sobrevivientes declararon aproximadamente hasta la fecha?<\/em><\/p>\n<p>&nbsp;<\/p>\n<p>&#8211;<strong> Han declarado alrededor de 25 testigos. Hasta ahora se ha autorizado la declaraci\u00f3n de 249<\/strong>, lo que significa que estamos en una primera etapa y que todav\u00eda tenemos mucho por delante.<\/p>\n<p>&nbsp;<\/p>\n<p>Fuente y foto: <em>Telam<\/em><\/p>\n","protected":false},"excerpt":{"rendered":"<p>El \u201csentido reparador\u201d de los procesos. El presidente de la Asamblea Permanente por los Derechos Humanos, abogado y querellante en<\/p>\n","protected":false},"author":4,"featured_media":61309,"comment_status":"closed","ping_status":"closed","sticky":false,"template":"","format":"standard","meta":{"_jetpack_memberships_contains_paid_content":false,"footnotes":""},"categories":[6,1],"tags":[],"class_list":["post-61308","post","type-post","status-publish","format-standard","has-post-thumbnail","hentry","category-nacionales","category-portada"],"jetpack_featured_media_url":"https:\/\/i0.wp.com\/cdnoticias.com\/wp-content\/uploads\/2022\/07\/TELAM-Guillermo-Torremare.jpg?fit=800%2C445&ssl=1","jetpack_sharing_enabled":true,"_links":{"self":[{"href":"https:\/\/cdnoticias.com\/index.php\/wp-json\/wp\/v2\/posts\/61308","targetHints":{"allow":["GET"]}}],"collection":[{"href":"https:\/\/cdnoticias.com\/index.php\/wp-json\/wp\/v2\/posts"}],"about":[{"href":"https:\/\/cdnoticias.com\/index.php\/wp-json\/wp\/v2\/types\/post"}],"author":[{"embeddable":true,"href":"https:\/\/cdnoticias.com\/index.php\/wp-json\/wp\/v2\/users\/4"}],"replies":[{"embeddable":true,"href":"https:\/\/cdnoticias.com\/index.php\/wp-json\/wp\/v2\/comments?post=61308"}],"version-history":[{"count":0,"href":"https:\/\/cdnoticias.com\/index.php\/wp-json\/wp\/v2\/posts\/61308\/revisions"}],"wp:featuredmedia":[{"embeddable":true,"href":"https:\/\/cdnoticias.com\/index.php\/wp-json\/wp\/v2\/media\/61309"}],"wp:attachment":[{"href":"https:\/\/cdnoticias.com\/index.php\/wp-json\/wp\/v2\/media?parent=61308"}],"wp:term":[{"taxonomy":"category","embeddable":true,"href":"https:\/\/cdnoticias.com\/index.php\/wp-json\/wp\/v2\/categories?post=61308"},{"taxonomy":"post_tag","embeddable":true,"href":"https:\/\/cdnoticias.com\/index.php\/wp-json\/wp\/v2\/tags?post=61308"}],"curies":[{"name":"wp","href":"https:\/\/api.w.org\/{rel}","templated":true}]}}