{"id":61288,"date":"2022-07-30T15:32:54","date_gmt":"2022-07-30T18:32:54","guid":{"rendered":"https:\/\/www.centraldenoticias.com.ar\/?p=61288"},"modified":"2022-07-30T15:32:54","modified_gmt":"2022-07-30T18:32:54","slug":"quirofano-veterinario-movil-calendario-de-agosto","status":"publish","type":"post","link":"https:\/\/cdnoticias.com\/index.php\/2022\/07\/30\/quirofano-veterinario-movil-calendario-de-agosto\/","title":{"rendered":"Quir\u00f3fano Veterinario M\u00f3vil: Calendario de agosto"},"content":{"rendered":"<p>El servicio se realizar\u00e1 de 8:30 a 12:00 y ser\u00e1 exclusivo para las mascotas de vecinos y vecinas de los sectores visitados. <!--more--><\/p>\n<hr \/>\n<p>&nbsp;<\/p>\n<p>Desde la <strong>Direcci\u00f3n de Bromatolog\u00eda<\/strong> de la Municipalidad de Olavarr\u00eda se inform\u00f3 cu\u00e1l ser\u00e1 el recorrido que realizar\u00e1 el <strong>Quir\u00f3fano Veterinario M\u00f3vil<\/strong> durante el <strong>pr\u00f3ximo mes de agosto.<\/strong><\/p>\n<p>&nbsp;<\/p>\n<p>En ese sentido, se detall\u00f3 que desde el l<strong>unes 1 hasta el viernes 5 inclusive<\/strong> el servicios de esterilizaciones quir\u00fargicas tanto caninas como felinas se llevar\u00e1 a cabo en el <strong>barrio CECO<\/strong>, m\u00e1s precisamente en la <strong>Sociedad de Fomento General Jos\u00e9 de San Mart\u00edn,<\/strong> ubicada sobre Islas Malvinas y Rossi.<\/p>\n<p>&nbsp;<\/p>\n<p>Luego, a partir del <strong>mi\u00e9rcoles 10 y hasta el viernes 12<\/strong> las castraciones se realizar\u00e1n en el <strong>Sal\u00f3n de la Sociedad de Fomento D\u00e1maso Arce del barrio San Vicente<\/strong>, situada sobre avenida Avellaneda y 25 de Mayo.<\/p>\n<p>&nbsp;<\/p>\n<p>Posteriormente, el Quir\u00f3fano M\u00f3vil se trasladar\u00e1 al <strong>barrio Coronel Dorrego<\/strong>, a la sede de la <strong>Sociedad de Fomento ubicada en Necochea y Calle 17<\/strong>. All\u00ed atender\u00e1 desde el <strong>martes 16 al viernes 19.<\/strong><\/p>\n<p>&nbsp;<\/p>\n<p>Del <strong>lunes 22 al viernes 26<\/strong> el servicio se brindar\u00e1 en el <strong>Servicio Territorial Municipal N\u00b0 2<\/strong> de<strong> avenida Alberdi y Coronel Su\u00e1rez.<\/strong><\/p>\n<p>&nbsp;<\/p>\n<p>Por \u00faltimo, desde el <strong>viernes 29 de agosto hasta el 2 de septiembre<\/strong> las esterilizaciones quir\u00fargicas caninas y felinas se realizar\u00e1n en <strong>Sierra Chica,<\/strong> en el Sal\u00f3n del C\u00edrculo de Suboficiales y Guardias Penitenciario, ubicado en<strong> avenida Centenario 1380.<\/strong><\/p>\n<p>&nbsp;<\/p>\n<p>El <strong>servicio se realizar\u00e1 de 8:30 a 12:00<\/strong> y ser\u00e1 exclusivo para las mascotas de vecinos y vecinas de los sectores visitados, quienes deber\u00e1n requerir turno previamente a trav\u00e9s de un mensaje de WhatsApp al 2284-229029.<\/p>\n","protected":false},"excerpt":{"rendered":"<p>El servicio se realizar\u00e1 de 8:30 a 12:00 y ser\u00e1 exclusivo para las mascotas de vecinos y vecinas de los<\/p>\n","protected":false},"author":6,"featured_media":23702,"comment_status":"closed","ping_status":"closed","sticky":false,"template":"","format":"standard","meta":{"_jetpack_memberships_contains_paid_content":false,"footnotes":""},"categories":[5,1],"tags":[],"class_list":["post-61288","post","type-post","status-publish","format-standard","has-post-thumbnail","hentry","category-informacion-general","category-portada"],"jetpack_featured_media_url":"https:\/\/i0.wp.com\/cdnoticias.com\/wp-content\/uploads\/2021\/06\/Salud-Quirof%C3%A1no-M%C3%B3vil-1024x683.jpg?fit=1024%2C683&ssl=1","jetpack_sharing_enabled":true,"_links":{"self":[{"href":"https:\/\/cdnoticias.com\/index.php\/wp-json\/wp\/v2\/posts\/61288","targetHints":{"allow":["GET"]}}],"collection":[{"href":"https:\/\/cdnoticias.com\/index.php\/wp-json\/wp\/v2\/posts"}],"about":[{"href":"https:\/\/cdnoticias.com\/index.php\/wp-json\/wp\/v2\/types\/post"}],"author":[{"embeddable":true,"href":"https:\/\/cdnoticias.com\/index.php\/wp-json\/wp\/v2\/users\/6"}],"replies":[{"embeddable":true,"href":"https:\/\/cdnoticias.com\/index.php\/wp-json\/wp\/v2\/comments?post=61288"}],"version-history":[{"count":0,"href":"https:\/\/cdnoticias.com\/index.php\/wp-json\/wp\/v2\/posts\/61288\/revisions"}],"wp:featuredmedia":[{"embeddable":true,"href":"https:\/\/cdnoticias.com\/index.php\/wp-json\/wp\/v2\/media\/23702"}],"wp:attachment":[{"href":"https:\/\/cdnoticias.com\/index.php\/wp-json\/wp\/v2\/media?parent=61288"}],"wp:term":[{"taxonomy":"category","embeddable":true,"href":"https:\/\/cdnoticias.com\/index.php\/wp-json\/wp\/v2\/categories?post=61288"},{"taxonomy":"post_tag","embeddable":true,"href":"https:\/\/cdnoticias.com\/index.php\/wp-json\/wp\/v2\/tags?post=61288"}],"curies":[{"name":"wp","href":"https:\/\/api.w.org\/{rel}","templated":true}]}}