{"id":61260,"date":"2022-07-29T20:34:04","date_gmt":"2022-07-29T23:34:04","guid":{"rendered":"https:\/\/www.centraldenoticias.com.ar\/?p=61260"},"modified":"2022-07-29T20:34:04","modified_gmt":"2022-07-29T23:34:04","slug":"la-concejala-landivar-encabezo-un-encuentro-de-la-campora-juventudes","status":"publish","type":"post","link":"https:\/\/cdnoticias.com\/index.php\/2022\/07\/29\/la-concejala-landivar-encabezo-un-encuentro-de-la-campora-juventudes\/","title":{"rendered":"La concejala Land\u00edvar encabez\u00f3 un encuentro de La C\u00e1mpora Juventudes"},"content":{"rendered":"<p>Fue el mi\u00e9rcoles pasado, donde se debatieron varios temas como la violencia institucional, la nocturnidad, la falta de espacios para las expresiones culturales, entre lo m\u00e1s destacado.<!--more--><\/p>\n<hr \/>\n<p>Durante la semana, <strong>la concejala del Frente de Todos, Mercedes Land\u00edvar, encabez\u00f3 una reuni\u00f3n con los j\u00f3venes de la C\u00e1mpora Olavarr\u00eda en el Ateneo N\u00e9stor Kirchner<\/strong> para debatir y dialogar sobre varias tem\u00e1ticas.<\/p>\n<p>&nbsp;<\/p>\n<p><img data-recalc-dims=\"1\" loading=\"lazy\" decoding=\"async\" class=\"alignnone size-large wp-image-61261\" src=\"https:\/\/i0.wp.com\/cdnoticias.com\/wp-content\/uploads\/2022\/07\/lcjuv1.jpg?resize=800%2C600&#038;ssl=1\" alt=\"\" width=\"800\" height=\"600\" srcset=\"https:\/\/i0.wp.com\/cdnoticias.com\/wp-content\/uploads\/2022\/07\/lcjuv1.jpg?resize=1024%2C768&amp;ssl=1 1024w, https:\/\/i0.wp.com\/cdnoticias.com\/wp-content\/uploads\/2022\/07\/lcjuv1.jpg?resize=300%2C225&amp;ssl=1 300w, https:\/\/i0.wp.com\/cdnoticias.com\/wp-content\/uploads\/2022\/07\/lcjuv1.jpg?resize=768%2C576&amp;ssl=1 768w, https:\/\/i0.wp.com\/cdnoticias.com\/wp-content\/uploads\/2022\/07\/lcjuv1.jpg?w=1040&amp;ssl=1 1040w\" sizes=\"auto, (max-width: 800px) 100vw, 800px\" \/><\/p>\n<p>&nbsp;<\/p>\n<p>All\u00ed se discutieron tem\u00e1ticas que <em>\u201cafectan a la poblaci\u00f3n joven\u201d<\/em> como <em><strong>\u201cla violencia institucional, la nocturnidad, la falta de espacios para las expresiones culturales, el acceso a la informaci\u00f3n sobre salud sexual integral\u201d<\/strong><\/em>, entre lo m\u00e1s destacado.<\/p>\n<p>&nbsp;<\/p>\n<p><img data-recalc-dims=\"1\" loading=\"lazy\" decoding=\"async\" class=\"alignnone size-large wp-image-61263\" src=\"https:\/\/i0.wp.com\/cdnoticias.com\/wp-content\/uploads\/2022\/07\/lcjuv3.jpg?resize=800%2C520&#038;ssl=1\" alt=\"\" width=\"800\" height=\"520\" srcset=\"https:\/\/i0.wp.com\/cdnoticias.com\/wp-content\/uploads\/2022\/07\/lcjuv3.jpg?resize=1024%2C666&amp;ssl=1 1024w, https:\/\/i0.wp.com\/cdnoticias.com\/wp-content\/uploads\/2022\/07\/lcjuv3.jpg?resize=300%2C195&amp;ssl=1 300w, https:\/\/i0.wp.com\/cdnoticias.com\/wp-content\/uploads\/2022\/07\/lcjuv3.jpg?resize=768%2C500&amp;ssl=1 768w, https:\/\/i0.wp.com\/cdnoticias.com\/wp-content\/uploads\/2022\/07\/lcjuv3.jpg?w=1280&amp;ssl=1 1280w\" sizes=\"auto, (max-width: 800px) 100vw, 800px\" \/><\/p>\n<p>&nbsp;<\/p>\n<p>Tras el encuentro, dejaron en claro que en estos<em> \u201ctiempos complejos\u201d<\/em> es fundamental <em>\u201cel compromiso de lxs j\u00f3venes, el estar cerca de nuestro pueblo con solidaridad y amor a la Patria para seguir trabajando para una Argentina mejor\u201d.<\/em><\/p>\n","protected":false},"excerpt":{"rendered":"<p>Fue el mi\u00e9rcoles pasado, donde se debatieron varios temas como la violencia institucional, la nocturnidad, la falta de espacios para<\/p>\n","protected":false},"author":2,"featured_media":61262,"comment_status":"closed","ping_status":"closed","sticky":false,"template":"","format":"standard","meta":{"_jetpack_memberships_contains_paid_content":false,"footnotes":""},"categories":[4],"tags":[],"class_list":["post-61260","post","type-post","status-publish","format-standard","has-post-thumbnail","hentry","category-politica"],"jetpack_featured_media_url":"https:\/\/i0.wp.com\/cdnoticias.com\/wp-content\/uploads\/2022\/07\/lcjuv2.jpg?fit=1280%2C817&ssl=1","jetpack_sharing_enabled":true,"_links":{"self":[{"href":"https:\/\/cdnoticias.com\/index.php\/wp-json\/wp\/v2\/posts\/61260","targetHints":{"allow":["GET"]}}],"collection":[{"href":"https:\/\/cdnoticias.com\/index.php\/wp-json\/wp\/v2\/posts"}],"about":[{"href":"https:\/\/cdnoticias.com\/index.php\/wp-json\/wp\/v2\/types\/post"}],"author":[{"embeddable":true,"href":"https:\/\/cdnoticias.com\/index.php\/wp-json\/wp\/v2\/users\/2"}],"replies":[{"embeddable":true,"href":"https:\/\/cdnoticias.com\/index.php\/wp-json\/wp\/v2\/comments?post=61260"}],"version-history":[{"count":0,"href":"https:\/\/cdnoticias.com\/index.php\/wp-json\/wp\/v2\/posts\/61260\/revisions"}],"wp:featuredmedia":[{"embeddable":true,"href":"https:\/\/cdnoticias.com\/index.php\/wp-json\/wp\/v2\/media\/61262"}],"wp:attachment":[{"href":"https:\/\/cdnoticias.com\/index.php\/wp-json\/wp\/v2\/media?parent=61260"}],"wp:term":[{"taxonomy":"category","embeddable":true,"href":"https:\/\/cdnoticias.com\/index.php\/wp-json\/wp\/v2\/categories?post=61260"},{"taxonomy":"post_tag","embeddable":true,"href":"https:\/\/cdnoticias.com\/index.php\/wp-json\/wp\/v2\/tags?post=61260"}],"curies":[{"name":"wp","href":"https:\/\/api.w.org\/{rel}","templated":true}]}}