{"id":61213,"date":"2022-07-29T20:35:20","date_gmt":"2022-07-29T23:35:20","guid":{"rendered":"https:\/\/www.centraldenoticias.com.ar\/?p=61213"},"modified":"2022-08-01T12:30:56","modified_gmt":"2022-08-01T15:30:56","slug":"campana-de-vacunacion-comenzo-la-aplicacion-de-quintas-dosis-contra-el-covid","status":"publish","type":"post","link":"https:\/\/cdnoticias.com\/index.php\/2022\/07\/29\/campana-de-vacunacion-comenzo-la-aplicacion-de-quintas-dosis-contra-el-covid\/","title":{"rendered":"Campa\u00f1a de vacunaci\u00f3n: comenz\u00f3 la aplicaci\u00f3n de quintas dosis contra el Covid"},"content":{"rendered":"<p>Adem\u00e1s, se habilit\u00f3 la inscripci\u00f3n a ni\u00f1as y ni\u00f1os de 6 meses a 3 a\u00f1os para recibir la vacuna contra el Covid. <!--more--><\/p>\n<hr \/>\n<p>&nbsp;<\/p>\n<p>Desde Regi\u00f3n Sanitaria IX se inform\u00f3 que<strong> ya comenz\u00f3 la aplicaci\u00f3n de quintas dosis contra el Covid en Olavarr\u00eda.<\/strong><\/p>\n<p>&nbsp;<\/p>\n<p>Adem\u00e1s, en la quincena comprendida entre el 16 y el 29 de julio <strong>se aplicaron 74 quintas dosis sobre un total de 937 personas vacunadas contra el coronavirus<\/strong>, distribuidas de la siguiente manera: en la Pe\u00f1a Ciudad de Olavarr\u00eda Boca Jr. se inocularon 333 vecinas y vecinos, y en los vacunatorios itinerantes se aplicaron 604 dosis.<\/p>\n<p>&nbsp;<\/p>\n<p><a href=\"https:\/\/cdnoticias.com\/index.php\/2022\/07\/26\/comienza-la-inscripcion-a-ninos-y-ninas-para-vacunarse-contra-el-covid\/\" target=\"_blank\" rel=\"noopener\">Recientemente, se habilit\u00f3 la<\/a><strong> inscripci\u00f3n a ni\u00f1as y ni\u00f1os de 6 meses a 3 a\u00f1os para recibir la vacuna contra el Covid,<\/strong> registr\u00e1ndose a trav\u00e9s de la app Vacunate o en www.vacunatepba.gba.gob.ar desde donde se enviar\u00e1n turnos con d\u00edas, horarios y vacunatorios pedi\u00e1tricos asignados.<\/p>\n<p>&nbsp;<\/p>\n<p>En tanto el Ministerio de Salud de la Provincia comenz\u00f3 a <strong>enviar turnos para que los mayores de 50 a\u00f1os que hayan recibido Sinopharm<\/strong> y los inmunodeprimidos se apliquen la quinta dosis de la vacuna contra el coronavirus.<\/p>\n<p>&nbsp;<\/p>\n<p>Por otra parte, continua la <strong>vacunaci\u00f3n a personas mayores de 5 a\u00f1os con el primer refuerzo de la vacuna contra el Covid<\/strong> de manera libre y sin turno previo en cualquier posta de la ciudad.<\/p>\n<p>&nbsp;<\/p>\n<p>En simult\u00e1neo, las personas mayores de 18 a\u00f1os podr\u00e1n acceder a la segunda dosis de refuerzo libre, cumpliendo como requisito haber cumplido 4 meses desde el primer refuerzo.<\/p>\n<p>&nbsp;<\/p>\n<p>Por consultas, podr\u00e1n acercarse a la Pe\u00f1a Ciudad de Olavarr\u00eda Boca Jr. ubicada en Chacabuco 4366, de lunes a viernes de 8:00 a 16:00.<\/p>\n","protected":false},"excerpt":{"rendered":"<p>Adem\u00e1s, se habilit\u00f3 la inscripci\u00f3n a ni\u00f1as y ni\u00f1os de 6 meses a 3 a\u00f1os para recibir la vacuna contra<\/p>\n","protected":false},"author":6,"featured_media":46989,"comment_status":"closed","ping_status":"closed","sticky":false,"template":"","format":"standard","meta":{"_jetpack_memberships_contains_paid_content":false,"footnotes":""},"categories":[16,1],"tags":[],"class_list":["post-61213","post","type-post","status-publish","format-standard","has-post-thumbnail","hentry","category-covid-19","category-portada"],"jetpack_featured_media_url":"https:\/\/i0.wp.com\/cdnoticias.com\/wp-content\/uploads\/2022\/02\/DIB-vacunacion-COVID.jpeg?fit=1068%2C601&ssl=1","jetpack_sharing_enabled":true,"_links":{"self":[{"href":"https:\/\/cdnoticias.com\/index.php\/wp-json\/wp\/v2\/posts\/61213","targetHints":{"allow":["GET"]}}],"collection":[{"href":"https:\/\/cdnoticias.com\/index.php\/wp-json\/wp\/v2\/posts"}],"about":[{"href":"https:\/\/cdnoticias.com\/index.php\/wp-json\/wp\/v2\/types\/post"}],"author":[{"embeddable":true,"href":"https:\/\/cdnoticias.com\/index.php\/wp-json\/wp\/v2\/users\/6"}],"replies":[{"embeddable":true,"href":"https:\/\/cdnoticias.com\/index.php\/wp-json\/wp\/v2\/comments?post=61213"}],"version-history":[{"count":0,"href":"https:\/\/cdnoticias.com\/index.php\/wp-json\/wp\/v2\/posts\/61213\/revisions"}],"wp:featuredmedia":[{"embeddable":true,"href":"https:\/\/cdnoticias.com\/index.php\/wp-json\/wp\/v2\/media\/46989"}],"wp:attachment":[{"href":"https:\/\/cdnoticias.com\/index.php\/wp-json\/wp\/v2\/media?parent=61213"}],"wp:term":[{"taxonomy":"category","embeddable":true,"href":"https:\/\/cdnoticias.com\/index.php\/wp-json\/wp\/v2\/categories?post=61213"},{"taxonomy":"post_tag","embeddable":true,"href":"https:\/\/cdnoticias.com\/index.php\/wp-json\/wp\/v2\/tags?post=61213"}],"curies":[{"name":"wp","href":"https:\/\/api.w.org\/{rel}","templated":true}]}}