{"id":61187,"date":"2022-07-29T13:35:45","date_gmt":"2022-07-29T16:35:45","guid":{"rendered":"https:\/\/www.centraldenoticias.com.ar\/?p=61187"},"modified":"2022-07-29T16:38:53","modified_gmt":"2022-07-29T19:38:53","slug":"caso-abregu-rechazo-a-la-excarcelacion-de-los-policias-acusados","status":"publish","type":"post","link":"https:\/\/cdnoticias.com\/index.php\/2022\/07\/29\/caso-abregu-rechazo-a-la-excarcelacion-de-los-policias-acusados\/","title":{"rendered":"Caso Abreg\u00fa: rechazo a la excarcelaci\u00f3n de los polic\u00edas acusados"},"content":{"rendered":"<p>Lo resolvi\u00f3 la jueza de Garant\u00edas N\u00ba 1 de Olavarr\u00eda, Fabiana San Rom\u00e1n. La defensa de uno de los acusados hab\u00eda pedido la medida, y la resoluci\u00f3n denegatoria alcanza a los restantes detenidos.<!--more--><\/p>\n<hr \/>\n<p><strong>Los cinco polic\u00edas investigados por la muerte en la comisar\u00eda de Laprida de Daiana Abreg\u00fa seguir\u00e1n detenidos<\/strong>.<\/p>\n<p>&nbsp;<\/p>\n<p><strong>Este jueves la Jueza de Garant\u00edas que entiende en esta investigaci\u00f3n penal deneg\u00f3 un pedido de excarcelaci\u00f3n<\/strong> que en favor de uno de los encausados hab\u00eda formulado la Defensora Oficial que lo patrocina en la causa donde ese agente de la Bonaerense es considerado el encubridor de un crimen.\u00a0De acuerdo con lo se\u00f1alado a <em>Diario El Tiempo de Azul<\/em> por voceros judiciales, <strong>lo resuelto por Fabiana San Rom\u00e1n -la titular del Juzgado de Garant\u00edas 1 con asiento en Olavarr\u00eda- implic\u00f3 que esa denegatoria de excarcelaci\u00f3n para uno de los polic\u00edas acusados la hiciera extensiva a los dem\u00e1s imputados<\/strong>: tres mujeres y un var\u00f3n que son considerados los probables autores del homicidio doblemente agravado de la joven.<\/p>\n<p>&nbsp;<\/p>\n<p><a href=\"https:\/\/cdnoticias.com\/index.php\/2022\/07\/25\/caso-daiana-abregu-acusaron-a-cinco-policias-de-homicidio-agravado-y-fueron-detenidos\/\" target=\"_blank\" rel=\"noopener\">Los acusados fueron detenidos el domingo pasado, 24 de julio<\/a>, y dos d\u00edas m\u00e1s tarde <strong>todos fueron trasladados a Azul para ser indagados por Jos\u00e9 Ignacio Calonje<\/strong>, el fiscal de la Unidad Funcional de Investigaciones Especiales, Violencia Institucional y Delitos Carcelarios que investiga lo que ahora es considerado un homicidio.<\/p>\n<p>&nbsp;<\/p>\n<p><a href=\"https:\/\/cdnoticias.com\/index.php\/2022\/07\/27\/los-cinco-policias-acusados-dijeron-que-daiana-abregu-se-suicido\/\" target=\"_blank\" rel=\"noopener\">Ante ese Fiscal los polic\u00edas declararon<\/a>,<strong> negando con sus versiones que Abreg\u00fa haya sido asesinada por ellos<\/strong> mientras estaba privada de la libertad. Afirmaron que la joven se hab\u00eda ahorcado, utilizando para quitarse la vida una campera de jean que at\u00f3 a una reja del calabozo donde el 5 de junio permanec\u00eda alojada.<\/p>\n<p>&nbsp;<\/p>\n<p><strong>Pedido denegado<\/strong><\/p>\n<p>&nbsp;<\/p>\n<p>Adri\u00e1n Osvaldo Nu\u00f1ez, de 34 a\u00f1os de edad, Pamela Gisel Di Bin (25), Juliana Zelaya (35), Vanesa Soledad N\u00fa\u00f1ez (33) y Leandro Esteban Fuhr (32) se llaman los polic\u00edas involucrados en este caso. <strong>El pedido de excarcelaci\u00f3n que la Jueza de Garant\u00edas rechaz\u00f3 hab\u00eda sido presentado por la defensora Oficial Soledad Kelly en favor de su representado: el oficial Fuhr<\/strong>, a quien la magistrada que entiende en esta causa considera el probable autor del delito de encubrimiento agravado.<\/p>\n<p>&nbsp;<\/p>\n<blockquote><p>&#8220;Si bien los m\u00e1rgenes punitivos de la figura enrostrada prev\u00e9n penas de uno a seis a\u00f1os de prisi\u00f3n, lo que permitir\u00eda la libertad anticipada del imputado bajo las previsiones del art\u00edculo 169 inciso 1 del CPP, encuentro circunstancias que obturan la concesi\u00f3n del beneficio que se peticiona&#8221;, escribi\u00f3 San Rom\u00e1n en lo resuelto. Y al respecto, la magistrada hizo alusi\u00f3n a la conducta que ese polic\u00eda habr\u00eda tenido en lo sucedido, se\u00f1alada como &#8220;obstructiva de la averiguaci\u00f3n de la verdad&#8221; y, espec\u00edficamente, consistente en formar parte del armado de una escena para hacer pasar por un suicidio lo que habr\u00eda sido el asesinato de Abreg\u00fa. El hecho que se les atribuye en car\u00e1cter de coautores a los dem\u00e1s agentes que siguen detenidos.<\/p><\/blockquote>\n<p>&nbsp;<\/p>\n<p>Sobre la base de que son varios los imputados que tiene esta investigaci\u00f3n, teniendo en cuenta lo que se\u00f1ala la ley penal en casos as\u00ed <strong>la Jueza garante hizo ayer extensiva la decisi\u00f3n de rechazar la excarcelaci\u00f3n solicitada para Fuhr a los dem\u00e1s a los dem\u00e1s polic\u00edas: Adri\u00e1n N\u00fa\u00f1ez, Vanesa N\u00fa\u00f1ez, Di Bin y Zelaya.\u00a0<\/strong>A esos cuatro agentes de la Bonaerense se los se\u00f1ala como los probables autores de un <em>homicidio doblemente agravado por su comisi\u00f3n con el concurso premeditado de dos o m\u00e1s personas y por tratarse de miembros de las fuerzas de seguridad policial en abuso de su funci\u00f3n.<\/em><\/p>\n<p>&nbsp;<\/p>\n<p>Ante una eventual condena para todos ellos por ese delito,<strong> les ser\u00eda dictada como sanci\u00f3n la &#8220;prisi\u00f3n perpetua&#8221;<\/strong>. Una circunstancia que, por s\u00ed sola, impide el otorgamiento de una excarcelaci\u00f3n mientras figuren investigados.\u00a0En el caso de los presuntos autores del crimen de Abreg\u00fa, tambi\u00e9n la Jueza garante tuvo en cuenta las caracter\u00edsticas del hecho que desde la Acusaci\u00f3n se sostiene que los cuatro polic\u00edas cometieron en su calidad de funcionarios p\u00fablicos.<\/p>\n<p>&nbsp;<\/p>\n<p><strong>Desafectados<\/strong><\/p>\n<p>&nbsp;<\/p>\n<p>Adem\u00e1s de los cinco polic\u00edas que siguen detenidos,<strong><a href=\"https:\/\/cdnoticias.com\/index.php\/2022\/07\/28\/caso-abregu-relevaron-a-todo-el-personal-de-la-comisaria-de-laprida\/\" target=\"_blank\" rel=\"noopener\"> este jueves se conoci\u00f3<\/a> que dos m\u00e1s que desempe\u00f1aban tareas en la Estaci\u00f3n de Polic\u00eda Comunal de Laprida cuando Daiana Soledad Abreg\u00fa fue hallada muerta tambi\u00e9n fueron desafectados preventivamente de la fuerza<\/strong>.<\/p>\n<p>&nbsp;<\/p>\n<blockquote><p>Se trata del comisario Cristian Barrios, quien era el titular de la seccional policial, y de la subcomisaria Karina Couchez, otrora segunda jefa de esa dependencia de seguridad.<\/p><\/blockquote>\n<p>&nbsp;<\/p>\n<p>Semanas atr\u00e1s,<strong> Barrios y el comisario Inspector Marcelo Amaya -que era el jefe de la Polic\u00eda en Laprida- hab\u00edan sido trasladados a Tres Arroyos<\/strong>.<\/p>\n<p>&nbsp;<\/p>\n<p>Fuente:<em> Diario El Tiempo<\/em><\/p>\n<p>Foto: <em>Nacho Correa \/ Diario El Tiempo<\/em><\/p>\n","protected":false},"excerpt":{"rendered":"<p>Lo resolvi\u00f3 la jueza de Garant\u00edas N\u00ba 1 de Olavarr\u00eda, Fabiana San Rom\u00e1n. La defensa de uno de los acusados<\/p>\n","protected":false},"author":4,"featured_media":61188,"comment_status":"closed","ping_status":"closed","sticky":false,"template":"","format":"standard","meta":{"_jetpack_memberships_contains_paid_content":false,"footnotes":""},"categories":[6,1],"tags":[],"class_list":["post-61187","post","type-post","status-publish","format-standard","has-post-thumbnail","hentry","category-nacionales","category-portada"],"jetpack_featured_media_url":"https:\/\/i0.wp.com\/cdnoticias.com\/wp-content\/uploads\/2022\/07\/diario-el-tiempo-nacho-correa-caso-abregu-laprida-00.jpg?fit=800%2C445&ssl=1","jetpack_sharing_enabled":true,"_links":{"self":[{"href":"https:\/\/cdnoticias.com\/index.php\/wp-json\/wp\/v2\/posts\/61187","targetHints":{"allow":["GET"]}}],"collection":[{"href":"https:\/\/cdnoticias.com\/index.php\/wp-json\/wp\/v2\/posts"}],"about":[{"href":"https:\/\/cdnoticias.com\/index.php\/wp-json\/wp\/v2\/types\/post"}],"author":[{"embeddable":true,"href":"https:\/\/cdnoticias.com\/index.php\/wp-json\/wp\/v2\/users\/4"}],"replies":[{"embeddable":true,"href":"https:\/\/cdnoticias.com\/index.php\/wp-json\/wp\/v2\/comments?post=61187"}],"version-history":[{"count":0,"href":"https:\/\/cdnoticias.com\/index.php\/wp-json\/wp\/v2\/posts\/61187\/revisions"}],"wp:featuredmedia":[{"embeddable":true,"href":"https:\/\/cdnoticias.com\/index.php\/wp-json\/wp\/v2\/media\/61188"}],"wp:attachment":[{"href":"https:\/\/cdnoticias.com\/index.php\/wp-json\/wp\/v2\/media?parent=61187"}],"wp:term":[{"taxonomy":"category","embeddable":true,"href":"https:\/\/cdnoticias.com\/index.php\/wp-json\/wp\/v2\/categories?post=61187"},{"taxonomy":"post_tag","embeddable":true,"href":"https:\/\/cdnoticias.com\/index.php\/wp-json\/wp\/v2\/tags?post=61187"}],"curies":[{"name":"wp","href":"https:\/\/api.w.org\/{rel}","templated":true}]}}