{"id":61151,"date":"2022-07-28T19:43:41","date_gmt":"2022-07-28T22:43:41","guid":{"rendered":"https:\/\/www.centraldenoticias.com.ar\/?p=61151"},"modified":"2022-07-28T19:43:41","modified_gmt":"2022-07-28T22:43:41","slug":"etiquetado-frontal-en-agosto-comenzaran-a-verse-los-primeros-productos-con-sellos-de-advertencia","status":"publish","type":"post","link":"https:\/\/cdnoticias.com\/index.php\/2022\/07\/28\/etiquetado-frontal-en-agosto-comenzaran-a-verse-los-primeros-productos-con-sellos-de-advertencia\/","title":{"rendered":"Etiquetado frontal: en agosto comenzar\u00e1n a verse los primeros productos con sellos de advertencia"},"content":{"rendered":"<div class=\"td_block_wrap tdb_single_subtitle tdi_72 td-pb-border-top td_block_template_1\" data-td-block-uid=\"tdi_72\">\n<div class=\"tdb-block-inner td-fix-index\">\n<p>El cumplimento del rotulado frontal de los alimentos y bebidas cuenta con un cronograma de adecuaci\u00f3n secuenciado en dos etapas y se ira implementando en forma gradual.<\/p>\n<\/div>\n<\/div>\n<p><!--more--><\/p>\n<hr \/>\n<div class=\"td_block_wrap tdb_single_date tdi_73 td-pb-border-top td_block_template_1 tdb-post-meta\" data-td-block-uid=\"tdi_73\"><\/div>\n<div data-td-block-uid=\"tdi_73\">\n<p>Desde el pr\u00f3ximo <strong>20 de agosto comenzar\u00e1n a verse en las g\u00f3ndolas los primeros productos con sellos de advertencia octogonales<\/strong> sobre nutrientes cr\u00edticos en el etiquetado frontal, en el marco de la implementaci\u00f3n de la Ley de Promoci\u00f3n de Alimentaci\u00f3n Saludable.<\/p>\n<p>&nbsp;<\/p>\n<p>Cabe se\u00f1alar que de acuerdo al Decreto Reglamentario N\u00b0 151\/22 se estableci\u00f3 un cronograma de adecuaci\u00f3n secuenciado en dos etapas para el cumplimiento de la declaraci\u00f3n del rotulado frontal, tanto para las grandes empresas como para las m\u00e1s peque\u00f1as. A su vez, esa<strong> implementaci\u00f3n se ir\u00e1 dando de manera gradual,<\/strong> y en el caso de algunos envases espec\u00edficos requerir\u00e1 un plazo mayor para ajustar la informaci\u00f3n.<\/p>\n<p>&nbsp;<\/p>\n<p>De acuerdo al cronograma, <strong>en agosto se cumple el primer plazo para las grandes empresas.<\/strong> De esta manera, los envases de alimentos y bebidas elaboradas luego del 20 de agosto comenzar\u00e1n a aparecer en las g\u00f3ndolas con sus respectivos sellos a medida que se vayan distribuyendo y comercializando en el mercado. Por otro lado, las <strong>empresas peque\u00f1as o medianas tienen un plazo mayor de tiempo<\/strong> para incorporar el etiquetado, <strong>que se prolonga hasta el 20 de febrero de 2023.<\/strong><\/p>\n<p>&nbsp;<\/p>\n<p>Seg\u00fan inform\u00f3 el Ministerio de Salud de la Naci\u00f3n, de las 2.658 solicitudes ingresadas para la pr\u00f3rroga en la implementaci\u00f3n de los sellos de advertencias, que engloban a un total de 236 empresas, hasta el momento fueron aprobados alrededor del 35% de los pedidos. En tanto, del total de registros con autorizaci\u00f3n sanitaria, solo un 3,13% fueron prorrogados y corresponden en su mayor\u00eda a grandes empresas y Pymes.<\/p>\n<p>&nbsp;<\/p>\n<p>Los principales rubros que se presentaron son golosinas, mermeladas, jaleas, dulces y confituras (21,62%); panificados y galletitas (15%); embutidos y conservas c\u00e1rnicas (14,45%); l\u00e1cteos (11,27%); bebidas analcoh\u00f3licas (10,63%); frutas y verduras procesadas (7,39%); cereales y pastas (6,55%); salsas y aderezos (5,19%); postres y polvos para preparados (2,96%); snacks (2,16%); helados (1,09%); sopas y caldos (1,02%); caf\u00e9 y t\u00e9 (0,67%).<\/p>\n<p>&nbsp;<\/p>\n<p><strong>El objetivo de la Ley 27. 642 es garantizar una alimentaci\u00f3n saludable y adecuada de la poblaci\u00f3n a trav\u00e9s de la implementaci\u00f3n de un etiquetado frontal de advertencias sobre el contenido en exceso de az\u00facares, grasas totales, grasas saturadas, calor\u00edas y sodio en alimentos envasados y bebidas analcoh\u00f3licas.<\/strong><\/p>\n<p>&nbsp;<\/p>\n<p>A trav\u00e9s de estos sellos y leyendas en forma de oct\u00f3gonos y\/o rect\u00e1ngulos, los consumidores contar\u00e1n r\u00e1pidamente con informaci\u00f3n sencilla, clara y precisa que les permita elegir y comprar con conocimiento sobre el producto alimenticio.<\/p>\n<p>&nbsp;<\/p>\n<p>Por otro lado, en el marco de las facultades conferidas a la ANMAT, el organismo dependiente del Ministerio de Salud implement\u00f3, a trav\u00e9s de la disposici\u00f3n 2673\/22, el Sistema de Declaraci\u00f3n de Sellos y Advertencias Nutricionales que establece las gestiones, procedimientos, plazos y especificaciones respecto a la declaraci\u00f3n jurada, las solicitudes de pr\u00f3rroga y la solicitud de casos especiales.<\/p>\n<p>&nbsp;<\/p>\n<p>A su vez, este sistema integrado al SIFeGA contempla la integraci\u00f3n de diversos servicios como la calculadora de sellos o el gestor de pr\u00f3rrogas.<\/p>\n<p>&nbsp;<\/p>\n<p><strong>Calculadora de sellos<\/strong><\/p>\n<p>&nbsp;<\/p>\n<p>La calculadora de sellos es una herramienta de acceso p\u00fablico y abierto para toda la poblaci\u00f3n, que permite realizar los c\u00e1lculos oficiales que indican cu\u00e1les son los productos cuyos nutrientes cr\u00edticos son iguales o superiores a los l\u00edmites definidos en la Ley. De esta manera, <strong>se pueden ingresar los valores nutricionales de cada producto y el sistema indica si presenta exceso de az\u00facares, grasas totales, grasas saturadas, sodio y calor\u00edas<\/strong>.\u00a0 Adem\u00e1s, la calculadora permite tambi\u00e9n a las empresas realizar la declaraci\u00f3n de car\u00e1cter informativo para la primera fase del cronograma del contenido de nutrientes cr\u00edticos y calor\u00edas, como as\u00ed tambi\u00e9n la presencia de edulcorantes y\/o cafe\u00edna para los alimentos y bebidas analcoh\u00f3licas alcanzadas por la ley.<\/p>\n<p>&nbsp;<\/p>\n<p>En tanto, mediante el gestor de pr\u00f3rrogas las empresas pueden solicitar la extensi\u00f3n del plazo de implementaci\u00f3n del perfil nutricional correspondiente a la primera etapa del cronograma, seg\u00fan lo establecido por los procedimientos del Decreto N\u00b0 151\/2022 y la Disposici\u00f3n ANMAT N\u00b0 2673\/22. Este pedido puede realizarse en los casos que exista una limitaci\u00f3n con motivos justificables en el cumplimiento del cronograma de implementaci\u00f3n para la adecuaci\u00f3n a la declaraci\u00f3n del rotulado frontal.<\/p>\n<p>&nbsp;<\/p>\n<p>Dichos motivos pueden ser de \u00edndole tecnol\u00f3gicos, productivos, operativos, log\u00edsticos y\/o de recursos e insumos, y en cada uno de los casos deben estar espec\u00edficamente fundamentados y sustentados con la evidencia correspondiente que permita una valoraci\u00f3n razonable y suficientemente clara y cabal de las circunstancias que impiden el cumplimiento de los plazos establecidos por el cronograma.<\/p>\n<p>&nbsp;<\/p>\n<p>Hace dos semanas atr\u00e1s, y en cumplimento a la segunda fase del cronograma de implementaci\u00f3n, se puso tambi\u00e9n a disposici\u00f3n la \u201cGesti\u00f3n de Declaraci\u00f3n Jurada del Sistema de Sellos y Advertencias Nutricionales\u201d, una herramienta que deber\u00e1 mantenerse actualizada para la presentaci\u00f3n ante la ANMAT del contenido de nutrientes cr\u00edticos y calor\u00edas, como as\u00ed tambi\u00e9n la presencia de edulcorantes y\/o cafe\u00edna de los alimentos y bebidas analcoh\u00f3licas alcanzados por la ley.<\/p>\n<p>&nbsp;<\/p>\n<p>A su vez, en la p\u00e1gina web de la ANMAT se encuentra publicado el portal del \u201cSistema de Sellos y Advertencias\u201d donde se encuentran disponibles una amplia variedad de recursos para la implementaci\u00f3n del etiquetado nutricional frontal, tales como el acceso al sistema, la normativa relacionada, instructivos de uso de los distintos servicios, el manual de implementaci\u00f3n, los recursos gr\u00e1ficos (oct\u00f3gonos y leyendas) y otros materiales de inter\u00e9s referente a la ley.<\/p>\n<p>&nbsp;<\/p>\n<p><em>Fuente: DIB<\/em><\/p>\n<\/div>\n","protected":false},"excerpt":{"rendered":"<p>El cumplimento del rotulado frontal de los alimentos y bebidas cuenta con un cronograma de adecuaci\u00f3n secuenciado en dos etapas<\/p>\n","protected":false},"author":6,"featured_media":14646,"comment_status":"closed","ping_status":"closed","sticky":false,"template":"","format":"standard","meta":{"_jetpack_memberships_contains_paid_content":false,"footnotes":""},"categories":[6,1],"tags":[],"class_list":["post-61151","post","type-post","status-publish","format-standard","has-post-thumbnail","hentry","category-nacionales","category-portada"],"jetpack_featured_media_url":"https:\/\/i0.wp.com\/cdnoticias.com\/wp-content\/uploads\/2021\/02\/etiquetado-frontaljpg.jpg?fit=540%2C405&ssl=1","jetpack_sharing_enabled":true,"_links":{"self":[{"href":"https:\/\/cdnoticias.com\/index.php\/wp-json\/wp\/v2\/posts\/61151","targetHints":{"allow":["GET"]}}],"collection":[{"href":"https:\/\/cdnoticias.com\/index.php\/wp-json\/wp\/v2\/posts"}],"about":[{"href":"https:\/\/cdnoticias.com\/index.php\/wp-json\/wp\/v2\/types\/post"}],"author":[{"embeddable":true,"href":"https:\/\/cdnoticias.com\/index.php\/wp-json\/wp\/v2\/users\/6"}],"replies":[{"embeddable":true,"href":"https:\/\/cdnoticias.com\/index.php\/wp-json\/wp\/v2\/comments?post=61151"}],"version-history":[{"count":0,"href":"https:\/\/cdnoticias.com\/index.php\/wp-json\/wp\/v2\/posts\/61151\/revisions"}],"wp:featuredmedia":[{"embeddable":true,"href":"https:\/\/cdnoticias.com\/index.php\/wp-json\/wp\/v2\/media\/14646"}],"wp:attachment":[{"href":"https:\/\/cdnoticias.com\/index.php\/wp-json\/wp\/v2\/media?parent=61151"}],"wp:term":[{"taxonomy":"category","embeddable":true,"href":"https:\/\/cdnoticias.com\/index.php\/wp-json\/wp\/v2\/categories?post=61151"},{"taxonomy":"post_tag","embeddable":true,"href":"https:\/\/cdnoticias.com\/index.php\/wp-json\/wp\/v2\/tags?post=61151"}],"curies":[{"name":"wp","href":"https:\/\/api.w.org\/{rel}","templated":true}]}}