{"id":61067,"date":"2022-07-27T17:39:27","date_gmt":"2022-07-27T20:39:27","guid":{"rendered":"https:\/\/www.centraldenoticias.com.ar\/?p=61067"},"modified":"2022-07-27T19:46:03","modified_gmt":"2022-07-27T22:46:03","slug":"anuncian-un-cambio-de-pagos-a-proveedores-a-30-dias-de-fecha-de-factura","status":"publish","type":"post","link":"https:\/\/cdnoticias.com\/index.php\/2022\/07\/27\/anuncian-un-cambio-de-pagos-a-proveedores-a-30-dias-de-fecha-de-factura\/","title":{"rendered":"Anuncian un cambio de pagos a proveedores \u201ca 30 d\u00edas de fecha de factura\u201d"},"content":{"rendered":"<p>As\u00ed fue confirmado por la comuna, en una decisi\u00f3n del intendente Galli. La secretaria de Econom\u00eda, Eugenia Bezzoni, destac\u00f3 que hay un \u201cmanejo ordenado de las finanzas municipales\u201d. <!--more--><\/p>\n<hr \/>\n<p>Por decisi\u00f3n del intendente Ezequiel Galli, a partir de este mi\u00e9rcoles, <strong>los pagos a proveedores municipales se realizar\u00e1n a los 30 d\u00edas de fecha de factura, y no a los 45 d\u00edas como se llevaba a cabo hasta este momento en t\u00e9rminos generales.<\/strong><\/p>\n<p>&nbsp;<\/p>\n<p>Desde la Secretar\u00eda de Econom\u00eda y Hacienda se inform\u00f3 que la medida tiene lugar <strong><em>\u201cen funci\u00f3n a las fluctuaciones constantes de la econom\u00eda y la volatilidad de precios que afectan la provisi\u00f3n de insumos\u201d.<\/em><\/strong><\/p>\n<p>&nbsp;<\/p>\n<blockquote><p>Entendiendo que existen rubros donde los plazos para los pagos son menores, el m\u00e1ximo de demora para dichos pagos pasar\u00e1 a realizarse a los 30 d\u00edas de fecha de factura.<\/p><\/blockquote>\n<p>&nbsp;<\/p>\n<p>Esta medida se suma a otras ya implementadas como es la <em>\u201ccl\u00e1usula de redeterminaci\u00f3n\u201d<\/em> de precios en las obras contratadas <em>\u201cen oposici\u00f3n a la cl\u00e1usula de mayores costos hist\u00f3rica<\/em>\u201d. Tambi\u00e9n la reiterada situaci\u00f3n de que<em><strong> \u201cel Municipio paga al vencimiento todos los certificados de obras afectadas con fondos nacionales o provinciales y cuyas demoras en los pagos por parte de dichos organismos ocurren desde el a\u00f1o pasado\u201d<\/strong> <\/em>denunciaron.<\/p>\n<p>&nbsp;<\/p>\n<p>La secretaria de Econom\u00eda y Hacienda Eugenia Bezzoni destac\u00f3 que el manejo ordenado de las finanzas municipales y la s\u00f3lida situaci\u00f3n econ\u00f3mica financiera del Municipio<strong><em> \u201cpermiten implementar este cambio, muy necesario en los momentos complejos que atraviesa la econom\u00eda del pa\u00eds\u201d.<\/em><\/strong><\/p>\n","protected":false},"excerpt":{"rendered":"<p>As\u00ed fue confirmado por la comuna, en una decisi\u00f3n del intendente Galli. La secretaria de Econom\u00eda, Eugenia Bezzoni, destac\u00f3 que<\/p>\n","protected":false},"author":2,"featured_media":50372,"comment_status":"closed","ping_status":"closed","sticky":false,"template":"","format":"standard","meta":{"_jetpack_memberships_contains_paid_content":false,"footnotes":""},"categories":[5,1],"tags":[],"class_list":["post-61067","post","type-post","status-publish","format-standard","has-post-thumbnail","hentry","category-informacion-general","category-portada"],"jetpack_featured_media_url":"https:\/\/i0.wp.com\/cdnoticias.com\/wp-content\/uploads\/2022\/03\/Palacio-Municipal-San-Martin-drone-Olavarria-Municipalidad.jpg?fit=800%2C445&ssl=1","jetpack_sharing_enabled":true,"_links":{"self":[{"href":"https:\/\/cdnoticias.com\/index.php\/wp-json\/wp\/v2\/posts\/61067","targetHints":{"allow":["GET"]}}],"collection":[{"href":"https:\/\/cdnoticias.com\/index.php\/wp-json\/wp\/v2\/posts"}],"about":[{"href":"https:\/\/cdnoticias.com\/index.php\/wp-json\/wp\/v2\/types\/post"}],"author":[{"embeddable":true,"href":"https:\/\/cdnoticias.com\/index.php\/wp-json\/wp\/v2\/users\/2"}],"replies":[{"embeddable":true,"href":"https:\/\/cdnoticias.com\/index.php\/wp-json\/wp\/v2\/comments?post=61067"}],"version-history":[{"count":0,"href":"https:\/\/cdnoticias.com\/index.php\/wp-json\/wp\/v2\/posts\/61067\/revisions"}],"wp:featuredmedia":[{"embeddable":true,"href":"https:\/\/cdnoticias.com\/index.php\/wp-json\/wp\/v2\/media\/50372"}],"wp:attachment":[{"href":"https:\/\/cdnoticias.com\/index.php\/wp-json\/wp\/v2\/media?parent=61067"}],"wp:term":[{"taxonomy":"category","embeddable":true,"href":"https:\/\/cdnoticias.com\/index.php\/wp-json\/wp\/v2\/categories?post=61067"},{"taxonomy":"post_tag","embeddable":true,"href":"https:\/\/cdnoticias.com\/index.php\/wp-json\/wp\/v2\/tags?post=61067"}],"curies":[{"name":"wp","href":"https:\/\/api.w.org\/{rel}","templated":true}]}}