{"id":61045,"date":"2022-07-27T09:40:20","date_gmt":"2022-07-27T12:40:20","guid":{"rendered":"https:\/\/www.centraldenoticias.com.ar\/?p=61045"},"modified":"2022-07-27T10:41:39","modified_gmt":"2022-07-27T13:41:39","slug":"vuelven-a-registrarse-cortes-de-luz-en-un-amplio-sector-de-la-ciudad-y-zona-rural","status":"publish","type":"post","link":"https:\/\/cdnoticias.com\/index.php\/2022\/07\/27\/vuelven-a-registrarse-cortes-de-luz-en-un-amplio-sector-de-la-ciudad-y-zona-rural\/","title":{"rendered":"Vuelven a registrarse cortes de luz en un amplio sector de la ciudad y zona rural"},"content":{"rendered":"<p>Nuevamente volvi\u00f3 a salir de servicio la L\u00ednea de Media Tensi\u00f3n N\u00b0 1. Afecta a numerosos barrios de Olavarr\u00eda, Sierra Chica y sistemas rurales. Personal de Coopelectric trabaja para reponer el servicio.<!--more--><\/p>\n<hr \/>\n<p>Alrededor de las 6:30 de la ma\u00f1ana se produjo la salida de servicio de la L\u00ednea de Media Tensi\u00f3n N\u00b0 1, lo que produjo el <a href=\"https:\/\/cdnoticias.com\/index.php\/2022\/07\/27\/un-corte-de-luz-afecto-a-barrios-localidades-y-la-zona-rural\/\" target=\"_blank\" rel=\"noopener\">corte de luz en un amplio sector de la ciudad, localidades y sector rural.<\/a><\/p>\n<p>&nbsp;<\/p>\n<p>Tras las tareas del personal de Coopelectric el servicio fue repuesto en la mayor\u00eda de los sectores afectados hacia las 7:30.<\/p>\n<p>&nbsp;<\/p>\n<blockquote><p>Sin embargo, horas m\u00e1s tarde, un nuevo inconveniente en esa l\u00ednea volvi\u00f3 a dejar sin luz a numerosos vecinos y vecinas.<\/p><\/blockquote>\n<p>&nbsp;<\/p>\n<p>Seg\u00fan se indic\u00f3, el corte afecta a los barrios <strong>Matadero, Isaura, Bel\u00e9n, UTA, Jard\u00edn, CECO II, Villa Magdalena, Carlos Pellegrini, PIO I, II y V, Parque de Granos, ZALO, localidad de Sierra Chica y los sistemas rurales de Crotto, Espigas, Pourtale, Blanca Grande y Recalde.<\/strong><\/p>\n<p>&nbsp;<\/p>\n<p>El personal de Coopelectric se encuentra realizando las tareas operativas correspondientes para poder normalizar el Servicio.<\/p>\n","protected":false},"excerpt":{"rendered":"<p>Nuevamente volvi\u00f3 a salir de servicio la L\u00ednea de Media Tensi\u00f3n N\u00b0 1. Afecta a numerosos barrios de Olavarr\u00eda, Sierra<\/p>\n","protected":false},"author":5,"featured_media":41402,"comment_status":"closed","ping_status":"closed","sticky":false,"template":"","format":"standard","meta":{"_jetpack_memberships_contains_paid_content":false,"footnotes":""},"categories":[5,1],"tags":[],"class_list":["post-61045","post","type-post","status-publish","format-standard","has-post-thumbnail","hentry","category-informacion-general","category-portada"],"jetpack_featured_media_url":"https:\/\/i0.wp.com\/cdnoticias.com\/wp-content\/uploads\/2021\/12\/coopelectric-camion1.jpg?fit=1540%2C856&ssl=1","jetpack_sharing_enabled":true,"_links":{"self":[{"href":"https:\/\/cdnoticias.com\/index.php\/wp-json\/wp\/v2\/posts\/61045","targetHints":{"allow":["GET"]}}],"collection":[{"href":"https:\/\/cdnoticias.com\/index.php\/wp-json\/wp\/v2\/posts"}],"about":[{"href":"https:\/\/cdnoticias.com\/index.php\/wp-json\/wp\/v2\/types\/post"}],"author":[{"embeddable":true,"href":"https:\/\/cdnoticias.com\/index.php\/wp-json\/wp\/v2\/users\/5"}],"replies":[{"embeddable":true,"href":"https:\/\/cdnoticias.com\/index.php\/wp-json\/wp\/v2\/comments?post=61045"}],"version-history":[{"count":0,"href":"https:\/\/cdnoticias.com\/index.php\/wp-json\/wp\/v2\/posts\/61045\/revisions"}],"wp:featuredmedia":[{"embeddable":true,"href":"https:\/\/cdnoticias.com\/index.php\/wp-json\/wp\/v2\/media\/41402"}],"wp:attachment":[{"href":"https:\/\/cdnoticias.com\/index.php\/wp-json\/wp\/v2\/media?parent=61045"}],"wp:term":[{"taxonomy":"category","embeddable":true,"href":"https:\/\/cdnoticias.com\/index.php\/wp-json\/wp\/v2\/categories?post=61045"},{"taxonomy":"post_tag","embeddable":true,"href":"https:\/\/cdnoticias.com\/index.php\/wp-json\/wp\/v2\/tags?post=61045"}],"curies":[{"name":"wp","href":"https:\/\/api.w.org\/{rel}","templated":true}]}}