{"id":61007,"date":"2022-07-26T18:23:31","date_gmt":"2022-07-26T21:23:31","guid":{"rendered":"https:\/\/www.centraldenoticias.com.ar\/?p=61007"},"modified":"2022-07-26T18:23:31","modified_gmt":"2022-07-26T21:23:31","slug":"tres-aprehendidos-por-robo-de-cables-en-cementos-avellaneda","status":"publish","type":"post","link":"https:\/\/cdnoticias.com\/index.php\/2022\/07\/26\/tres-aprehendidos-por-robo-de-cables-en-cementos-avellaneda\/","title":{"rendered":"Tres aprehendidos por robo de cables en Cementos Avellaneda"},"content":{"rendered":"<p>Tienen 42, 48 y 49 a\u00f1os y hab\u00edan sustra\u00eddo 130 metros de cable. Intentaron darse a la fuga en una camioneta y terminaron capturados.<!--more--><\/p>\n<hr \/>\n<p>Tres <strong>hombres de 42, 48 y 49 a\u00f1os<\/strong> fueron aprehendidos por personal policial de la subcomisar\u00eda de Loma Negra.<\/p>\n<p>&nbsp;<\/p>\n<p>Seg\u00fan se indic\u00f3, hab\u00edan sustra\u00eddo del interior de la fabrica Cementos Avellaneda <strong>5 rollos conteniendo 130 metros de cable<\/strong> de 10 cent\u00edmetros de di\u00e1metro en cuyo interior posee 3 conductores de 150 mil\u00edmetros cuadrados y un conductor de 70 mil\u00edmetros cuadrados.<\/p>\n<p>&nbsp;<\/p>\n<p>Los hombres, al ser sorprendidos por los efectivos policiales, <strong>huyeron en una camioneta Ford F100 dejando los cables.<\/strong> Finalmente fueron aprehendidos y el veh\u00edculo secuestrado por falta de documentaci\u00f3n.<\/p>\n<p>&nbsp;<\/p>\n<p>La causa fue caratulada como \u201crobo infraganti delito en poblado y en banda\u201d a cargo de la UFI N\u00ba 4 de la doctora Mar\u00eda Paula Serrano.<\/p>\n","protected":false},"excerpt":{"rendered":"<p>Tienen 42, 48 y 49 a\u00f1os y hab\u00edan sustra\u00eddo 130 metros de cable. Intentaron darse a la fuga en una<\/p>\n","protected":false},"author":5,"featured_media":61008,"comment_status":"closed","ping_status":"closed","sticky":false,"template":"","format":"standard","meta":{"_jetpack_memberships_contains_paid_content":false,"footnotes":""},"categories":[14,1],"tags":[],"class_list":["post-61007","post","type-post","status-publish","format-standard","has-post-thumbnail","hentry","category-policiales","category-portada"],"jetpack_featured_media_url":"https:\/\/i0.wp.com\/cdnoticias.com\/wp-content\/uploads\/2022\/07\/aprehendidos-cables-cementosavellaneda.jpeg?fit=1600%2C1200&ssl=1","jetpack_sharing_enabled":true,"_links":{"self":[{"href":"https:\/\/cdnoticias.com\/index.php\/wp-json\/wp\/v2\/posts\/61007","targetHints":{"allow":["GET"]}}],"collection":[{"href":"https:\/\/cdnoticias.com\/index.php\/wp-json\/wp\/v2\/posts"}],"about":[{"href":"https:\/\/cdnoticias.com\/index.php\/wp-json\/wp\/v2\/types\/post"}],"author":[{"embeddable":true,"href":"https:\/\/cdnoticias.com\/index.php\/wp-json\/wp\/v2\/users\/5"}],"replies":[{"embeddable":true,"href":"https:\/\/cdnoticias.com\/index.php\/wp-json\/wp\/v2\/comments?post=61007"}],"version-history":[{"count":0,"href":"https:\/\/cdnoticias.com\/index.php\/wp-json\/wp\/v2\/posts\/61007\/revisions"}],"wp:featuredmedia":[{"embeddable":true,"href":"https:\/\/cdnoticias.com\/index.php\/wp-json\/wp\/v2\/media\/61008"}],"wp:attachment":[{"href":"https:\/\/cdnoticias.com\/index.php\/wp-json\/wp\/v2\/media?parent=61007"}],"wp:term":[{"taxonomy":"category","embeddable":true,"href":"https:\/\/cdnoticias.com\/index.php\/wp-json\/wp\/v2\/categories?post=61007"},{"taxonomy":"post_tag","embeddable":true,"href":"https:\/\/cdnoticias.com\/index.php\/wp-json\/wp\/v2\/tags?post=61007"}],"curies":[{"name":"wp","href":"https:\/\/api.w.org\/{rel}","templated":true}]}}