{"id":61003,"date":"2022-07-26T17:47:46","date_gmt":"2022-07-26T20:47:46","guid":{"rendered":"https:\/\/www.centraldenoticias.com.ar\/?p=61003"},"modified":"2022-07-26T17:47:46","modified_gmt":"2022-07-26T20:47:46","slug":"ciclo-de-cine-en-insurgente-se-proyectara-capitan-fantastico","status":"publish","type":"post","link":"https:\/\/cdnoticias.com\/index.php\/2022\/07\/26\/ciclo-de-cine-en-insurgente-se-proyectara-capitan-fantastico\/","title":{"rendered":"Ciclo de Cine en Insurgente: se proyectar\u00e1 &#8220;Capit\u00e1n Fant\u00e1stico&#8221;"},"content":{"rendered":"<p>Ser\u00e1 este mi\u00e9rcoles 27 de julio a las 20:30. La entrada es libre y gratuita. <!--more--><\/p>\n<hr \/>\n<p>&nbsp;<\/p>\n<p>En el marco del Ciclo de Cine 2022, este <strong>mi\u00e9rcoles 27 de julio desde las 20:30<\/strong> se proyectar\u00e1 la pel\u00edcula<strong> &#8220;Capit\u00e1n Fant\u00e1stico&#8221;<\/strong> (2016) en <strong>Insurgente, ubicado en Belgrano 3345.<\/strong><\/p>\n<p>&nbsp;<\/p>\n<p>Los concurrentes podr\u00e1n ver la <strong>comedia dram\u00e1tica de Matt Ross<\/strong> protagonizado por Vigo Mortensen, Annalise Basso, George MacKay y Samantha Isler entre otros.<\/p>\n<p>&nbsp;<\/p>\n<p>Esta pel\u00edcula narra la historia de Ben, un padre de familia que decide, junto a su esposa Leslie, trasladarse a un bosque para criar a sus hijos. Con una <strong>ideolog\u00eda anticapitalista aupada por las teor\u00edas de Noam Chomsky,<\/strong> Ben y su esposa comienzan un proyecto sumamente dif\u00edcil, construir una especie de para\u00edso autosuficiente, donde ellos asumen la crianza de sus hijos, su educaci\u00f3n y su preparaci\u00f3n para la vida desde una perspectiva propia.<\/p>\n<p>&nbsp;<\/p>\n<p>La <strong>entrada es libre y gratuita<\/strong>, aunque se podr\u00e1 realizar una <strong>colaboraci\u00f3n voluntaria.<\/strong> Luego de la proyecci\u00f3n habr\u00e1 una <strong>charla de an\u00e1lisis.<\/strong><\/p>\n<p>&nbsp;<\/p>\n<p>Por \u00faltimo se indic\u00f3 que <strong>habr\u00e1 servicio de cantina <\/strong>y que la actividad<strong> no se suspende por lluvia.<\/strong><\/p>\n<p>&nbsp;<\/p>\n<p>&nbsp;<\/p>\n","protected":false},"excerpt":{"rendered":"<p>Ser\u00e1 este mi\u00e9rcoles 27 de julio a las 20:30. La entrada es libre y gratuita.<\/p>\n","protected":false},"author":6,"featured_media":61005,"comment_status":"closed","ping_status":"closed","sticky":false,"template":"","format":"standard","meta":{"_jetpack_memberships_contains_paid_content":false,"footnotes":""},"categories":[9,1],"tags":[],"class_list":["post-61003","post","type-post","status-publish","format-standard","has-post-thumbnail","hentry","category-cultura","category-portada"],"jetpack_featured_media_url":"https:\/\/i0.wp.com\/cdnoticias.com\/wp-content\/uploads\/2022\/07\/Diseno-sin-titulo.jpg?fit=1920%2C1080&ssl=1","jetpack_sharing_enabled":true,"_links":{"self":[{"href":"https:\/\/cdnoticias.com\/index.php\/wp-json\/wp\/v2\/posts\/61003","targetHints":{"allow":["GET"]}}],"collection":[{"href":"https:\/\/cdnoticias.com\/index.php\/wp-json\/wp\/v2\/posts"}],"about":[{"href":"https:\/\/cdnoticias.com\/index.php\/wp-json\/wp\/v2\/types\/post"}],"author":[{"embeddable":true,"href":"https:\/\/cdnoticias.com\/index.php\/wp-json\/wp\/v2\/users\/6"}],"replies":[{"embeddable":true,"href":"https:\/\/cdnoticias.com\/index.php\/wp-json\/wp\/v2\/comments?post=61003"}],"version-history":[{"count":0,"href":"https:\/\/cdnoticias.com\/index.php\/wp-json\/wp\/v2\/posts\/61003\/revisions"}],"wp:featuredmedia":[{"embeddable":true,"href":"https:\/\/cdnoticias.com\/index.php\/wp-json\/wp\/v2\/media\/61005"}],"wp:attachment":[{"href":"https:\/\/cdnoticias.com\/index.php\/wp-json\/wp\/v2\/media?parent=61003"}],"wp:term":[{"taxonomy":"category","embeddable":true,"href":"https:\/\/cdnoticias.com\/index.php\/wp-json\/wp\/v2\/categories?post=61003"},{"taxonomy":"post_tag","embeddable":true,"href":"https:\/\/cdnoticias.com\/index.php\/wp-json\/wp\/v2\/tags?post=61003"}],"curies":[{"name":"wp","href":"https:\/\/api.w.org\/{rel}","templated":true}]}}