{"id":60994,"date":"2022-07-26T18:59:48","date_gmt":"2022-07-26T21:59:48","guid":{"rendered":"https:\/\/www.centraldenoticias.com.ar\/?p=60994"},"modified":"2022-07-26T20:09:16","modified_gmt":"2022-07-26T23:09:16","slug":"juan-ignacio-agapito-tengo-la-mente-en-blanco-desde-que-entre-a-fomento","status":"publish","type":"post","link":"https:\/\/cdnoticias.com\/index.php\/2022\/07\/26\/juan-ignacio-agapito-tengo-la-mente-en-blanco-desde-que-entre-a-fomento\/","title":{"rendered":"Juan Ignacio Agapito: \u201cTengo la mente en blanco desde que entr\u00e9 a Fomento\u201d"},"content":{"rendered":"<p>El joven agredido a la salida de un boliche declar\u00f3 ante la fiscal\u00eda que lleva adelante la causa que tiene a una persona detenida por \u201clesiones graves\u201d.<!--more--><\/p>\n<hr \/>\n<p>Juan Ignacio Agapito, el joven de 18 a\u00f1os que result\u00f3 gravemente herido tras recibir una agresi\u00f3n de un personal de seguridad del local bailable Fomento, <strong>declar\u00f3 el lunes en la UFI N\u00ba 7<\/strong> a cargo de la causa que cuenta con un detenido acusado de \u201clesiones graves\u201d.<\/p>\n<p>&nbsp;<\/p>\n<p>Seg\u00fan pudo conocer <em>Central de Noticias<\/em>, Agapito expuso brevemente el recuerdo de lo ocurrido durante la madrugada del 3 de julio. Indic\u00f3 que ingres\u00f3 al boliche<strong> \u201calrededor de las 00:00 o 00:30 y s\u00e9 que luego me sacaron del lugar\u201d.<\/strong><\/p>\n<p>&nbsp;<\/p>\n<p><strong>\u201cDespu\u00e9s recib\u00ed los golpes\u201d<\/strong>, afirm\u00f3. Sobre este punto asegur\u00f3 que \u201ceso lo s\u00e9 porque<strong> lo vi en el video que circula<\/strong> pero no porque me lo acuerde\u201d.<\/p>\n<p>&nbsp;<\/p>\n<p>Indic\u00f3 que ese d\u00eda \u201chab\u00eda tomado bastante\u201d y que<strong> \u201cno recuerdo nada de nada, es como que tengo la mente en blanco desde que entr\u00e9 a Fomento\u201d.<\/strong><\/p>\n<p>&nbsp;<\/p>\n<p>Agapito supuso que <strong>\u201cdebe ser por el golpe y las operaciones\u201d<\/strong> porque \u201cmi familia me dijo que el m\u00e9dico les cont\u00f3 que por lo cercano de lo que pas\u00f3 puedo tener flashes y confundirme mezclando el tiempo o tener baches donde directamente no me acuerdo de nada\u201d.<\/p>\n<p>&nbsp;<\/p>\n<p>Recordemos que el joven estuvo internado durante m\u00e1s de 15 d\u00edas en el Hospital Municipal \u201cDr. H\u00e9ctor Cura\u201d. <a href=\"https:\/\/cdnoticias.com\/index.php\/2022\/07\/19\/juani-agapito-fue-externado-y-continuara-la-recuperacion-en-su-casa\/\" target=\"_blank\" rel=\"noopener\">El 19 de julio fue \u201cexternado\u201d<\/a> del centro de salud local y contin\u00faa una \u201crehabilitaci\u00f3n neurol\u00f3gica\u201d en su domicilio con el control peri\u00f3dico del personal de salud.<\/p>\n<p>&nbsp;<\/p>\n<p><strong>Los hechos<\/strong><\/p>\n<p>&nbsp;<\/p>\n<p>En la madrugada del domingo 3 de julio Juan Agapito result\u00f3 con<a href=\"https:\/\/cdnoticias.com\/index.php\/2022\/07\/05\/el-joven-agredido-a-la-salida-de-un-boliche-sigue-en-estado-critico\/\" target=\"_blank\" rel=\"noopener\"> lesiones en el cr\u00e1neo a ra\u00edz de un golpe.<\/a> La lesi\u00f3n se ubic\u00f3 en la parte trasera de la cabeza.<\/p>\n<p>&nbsp;<\/p>\n<p>En funci\u00f3n de lo que se estableci\u00f3 en la investigaci\u00f3n,<strong> el joven se encontraba con otras personas en la vereda del local de calle Maip\u00fa entre Belgrano y San Mart\u00edn.<\/strong> Iban a la carrera y pateaban el port\u00f3n del local, acci\u00f3n que reiteraban.<\/p>\n<p>&nbsp;<\/p>\n<p>En ese marco, desde el acceso a la boleter\u00eda del local se abri\u00f3 una hoja de la puerta y<strong> sali\u00f3 un personal de seguridad, se trataba de Dami\u00e1n Alonso. <\/strong>En ese momento, la v\u00edctima corri\u00f3 por Maip\u00fa hacia Belgrano y fue interceptado por quien sal\u00eda del local.<\/p>\n<p>&nbsp;<\/p>\n<p>Agapito qued\u00f3 de frente con Alonso quien lo tom\u00f3 con una mano y con la otra hizo un movimiento que deriv\u00f3 en la ca\u00edda de espaldas del joven. Cay\u00f3 entre un auto que estaba estacionado sobre Maip\u00fa y la cinta asf\u00e1ltica. <strong>En ese punto es que sufri\u00f3 el golpe en la cabeza.<\/strong><\/p>\n<p>&nbsp;<\/p>\n<p>Las primeras averiguaciones se centraron justamente en establecer cu\u00e1l fue la maniobra de Alonso, para determinar su responsabilidad en la ca\u00edda de Agapito. Una vez que se lograron elementos contestes y contundentes es que se procedi\u00f3 a la <a href=\"https:\/\/cdnoticias.com\/index.php\/2022\/07\/07\/detuvieron-al-personal-de-seguridad-acusado-de-golpear-a-juan-agapito\/\" target=\"_blank\" rel=\"noopener\">detenci\u00f3n del acusado.<\/a><\/p>\n<p>&nbsp;<\/p>\n<blockquote class=\"wp-embedded-content\" data-secret=\"90vDcTXVcg\"><p><a href=\"https:\/\/cdnoticias.com\/index.php\/2022\/07\/11\/caso-agapito-tres-testigos-presenciales-la-clave-para-la-detencion-del-seguridad\/\">Caso Agapito: tres testigos presenciales, la clave para la detenci\u00f3n del seguridad<\/a><\/p><\/blockquote>\n<p><iframe loading=\"lazy\" class=\"wp-embedded-content\" sandbox=\"allow-scripts\" security=\"restricted\" style=\"position: absolute; clip: rect(1px, 1px, 1px, 1px);\" title=\"&#8220;Caso Agapito: tres testigos presenciales, la clave para la detenci\u00f3n del seguridad&#8221; &#8212; Central de Noticias | Olavarr\u00eda\" src=\"https:\/\/cdnoticias.com\/index.php\/2022\/07\/11\/caso-agapito-tres-testigos-presenciales-la-clave-para-la-detencion-del-seguridad\/embed\/#?secret=qnsUk9ZXoE#?secret=90vDcTXVcg\" data-secret=\"90vDcTXVcg\" width=\"600\" height=\"338\" frameborder=\"0\" marginwidth=\"0\" marginheight=\"0\" scrolling=\"no\"><\/iframe><\/p>\n<p>&nbsp;<\/p>\n","protected":false},"excerpt":{"rendered":"<p>El joven agredido a la salida de un boliche declar\u00f3 ante la fiscal\u00eda que lleva adelante la causa que tiene<\/p>\n","protected":false},"author":5,"featured_media":59396,"comment_status":"closed","ping_status":"closed","sticky":false,"template":"","format":"standard","meta":{"_jetpack_memberships_contains_paid_content":false,"footnotes":""},"categories":[14,1],"tags":[],"class_list":["post-60994","post","type-post","status-publish","format-standard","has-post-thumbnail","hentry","category-policiales","category-portada"],"jetpack_featured_media_url":"https:\/\/i0.wp.com\/cdnoticias.com\/wp-content\/uploads\/2022\/07\/marcha-agapito4-scaled.jpg?fit=2560%2C1424&ssl=1","jetpack_sharing_enabled":true,"_links":{"self":[{"href":"https:\/\/cdnoticias.com\/index.php\/wp-json\/wp\/v2\/posts\/60994","targetHints":{"allow":["GET"]}}],"collection":[{"href":"https:\/\/cdnoticias.com\/index.php\/wp-json\/wp\/v2\/posts"}],"about":[{"href":"https:\/\/cdnoticias.com\/index.php\/wp-json\/wp\/v2\/types\/post"}],"author":[{"embeddable":true,"href":"https:\/\/cdnoticias.com\/index.php\/wp-json\/wp\/v2\/users\/5"}],"replies":[{"embeddable":true,"href":"https:\/\/cdnoticias.com\/index.php\/wp-json\/wp\/v2\/comments?post=60994"}],"version-history":[{"count":0,"href":"https:\/\/cdnoticias.com\/index.php\/wp-json\/wp\/v2\/posts\/60994\/revisions"}],"wp:featuredmedia":[{"embeddable":true,"href":"https:\/\/cdnoticias.com\/index.php\/wp-json\/wp\/v2\/media\/59396"}],"wp:attachment":[{"href":"https:\/\/cdnoticias.com\/index.php\/wp-json\/wp\/v2\/media?parent=60994"}],"wp:term":[{"taxonomy":"category","embeddable":true,"href":"https:\/\/cdnoticias.com\/index.php\/wp-json\/wp\/v2\/categories?post=60994"},{"taxonomy":"post_tag","embeddable":true,"href":"https:\/\/cdnoticias.com\/index.php\/wp-json\/wp\/v2\/tags?post=60994"}],"curies":[{"name":"wp","href":"https:\/\/api.w.org\/{rel}","templated":true}]}}