{"id":60988,"date":"2022-07-26T16:06:22","date_gmt":"2022-07-26T19:06:22","guid":{"rendered":"https:\/\/www.centraldenoticias.com.ar\/?p=60988"},"modified":"2022-07-27T07:38:11","modified_gmt":"2022-07-27T10:38:11","slug":"caso-daiana-abregu-para-los-defensores-de-los-policias-la-segunda-autopsia-tiene-omisiones","status":"publish","type":"post","link":"https:\/\/cdnoticias.com\/index.php\/2022\/07\/26\/caso-daiana-abregu-para-los-defensores-de-los-policias-la-segunda-autopsia-tiene-omisiones\/","title":{"rendered":"Caso Daiana Abreg\u00fa: para los defensores de los polic\u00edas, la segunda autopsia tiene \u201comisiones\u201d"},"content":{"rendered":"<p>Objetaron los resultados y aseguraron que pedir\u00e1n \u201cjuicio pol\u00edtico para el fiscal y la jueza de Garant\u00edas\u201d.<!--more--><\/p>\n<hr \/>\n<p>Mientras se espera conocer las declaraciones de los cinco polic\u00edas acusados del homicidio de Daiana Abreg\u00fa, ocurrido el 5 de junio \u00faltimo en la comisar\u00eda de la ciudad bonaerense de Laprida,<strong> sus defensas objetaron este martes los resultados de la segunda autopsia que llev\u00f3 a la detenci\u00f3n de los efectivos y aseguraron que la joven \u201cse suicid\u00f3\u201d.<\/strong><\/p>\n<p>&nbsp;<\/p>\n<p>Por otra parte, el fiscal especializado en Violencia Institucional a cargo de la causa dijo que <a href=\"https:\/\/cdnoticias.com\/index.php\/2022\/07\/26\/calonje-hay-elementos-que-nos-pueden-decir-que-estamos-ante-un-homicidio\/\" target=\"_blank\" rel=\"noopener\">\u201chay elementos\u201d que hacen pensar que se est\u00e1 \u201cfrente a un homicidio\u201d<\/a>, aunque aclar\u00f3 que faltan resultados de diversas pericias para confirmar esa hip\u00f3tesis.<\/p>\n<p>&nbsp;<\/p>\n<p>\u201cLa v\u00edctima no fue torturada, ni la mataron: se suicid\u00f3, es contundente. Hay una omisi\u00f3n en las consideraciones de la segunda autopsia, donde omiten que la extracci\u00f3n del surco de ahorcadura se hizo en la primera pericia, donde le extrajeron ocho cent\u00edmetros de cuello y no describen que esa ausencia fue producto de una intervenci\u00f3n previa\u201d, dijo a la prensa el<strong> abogado Carlos Fern\u00e1ndez, defensor del oficial de servicio de la dependencia, Adri\u00e1n N\u00fa\u00f1ez.<\/strong><\/p>\n<p>&nbsp;<\/p>\n<p>A diferencia de la primera autopsia, donde se hace constar que Daiana ten\u00eda una marca de ahorcadura en el cuello, <a href=\"https:\/\/cdnoticias.com\/index.php\/2022\/07\/15\/caso-daiana-abregu-la-reautopsia-confirmo-que-la-joven-no-se-ahorco\/\" target=\"_blank\" rel=\"noopener\">la segunda indica que esa evidencia no se hall\u00f3<\/a> y que la joven de 26 a\u00f1os muri\u00f3 por asfixia, lo que hace presumir que fue asesinada.<\/p>\n<p>&nbsp;<\/p>\n<p>En la puerta de la fiscal\u00eda de Azul, y antes de que los polic\u00edas detenidos comiencen a ser indagados, el letrado dijo que <strong>pedir\u00e1 \u201cjuicio pol\u00edtico para el fiscal y la jueza de Garant\u00edas\u201d<\/strong>, al tiempo que<strong> cuestion\u00f3 la intervenci\u00f3n en la causa de la Comisi\u00f3n Provincial por la Memoria,<\/strong> al considerar que \u201ctiene el negocio de litigar contra el Estado\u201d.<\/p>\n<p>&nbsp;<\/p>\n<p>Tambi\u00e9n dijo que pedir\u00e1 <strong>que se investigue por \u201cfalso testimonio\u201d a los peritos de la Asesor\u00eda Pericial de La Plata que realizaron la segunda autopsia<\/strong> \u201cporque est\u00e1n omitiendo informaci\u00f3n\u201d y \u201chay una negligencia en no describir lo que ocurri\u00f3 en la primera autopsia\u201d. \u201cNo es la primera vez que por una falacia m\u00e9dica se genera una interpretaci\u00f3n y se requiere una detenci\u00f3n\u201d, agreg\u00f3.<\/p>\n<p>&nbsp;<\/p>\n<p>En tanto, <strong>el abogado C\u00e9sar Garc\u00eda, defensor de la polic\u00eda Vanesa N\u00fa\u00f1ez<\/strong>, tambi\u00e9n se refiri\u00f3 a la omisi\u00f3n en la segunda autopsia y consider\u00f3 que Daiana \u201cse suicid\u00f3\u201d.<\/p>\n<p>&nbsp;<\/p>\n<p>\u201cMi defendida la ve colgada con su campera de jean, le empieza a hacer reanimaci\u00f3n, luego llega el m\u00e9dico de polic\u00eda\u201d, dijo el letrado.<\/p>\n<p>&nbsp;<\/p>\n<p>Sobre la discrepancia entre ambas autopsias, Garc\u00eda dijo que \u201cla diferencia es muy clara: la primera autopsia se realiza a las pocas horas y se visualizan marcas y surco de ahorcadura. En la segunda no se ve porque en la primera diseccionaron el cuello de Daiana para enviar esa muestra a analizar; a la vista en la segunda el surco no puede verse porque se diseccion\u00f3 el tejido\u201d.<\/p>\n<p>&nbsp;<\/p>\n<p>\u201cMi defendida -N\u00fa\u00f1ez- es una de las numerarias imputadas y detenida, se encuentra embarazada en estado delicado y va a prestar declaraci\u00f3n diciendo lo mismo que me dijo a m\u00ed y respondiendo cualquier tipo de pregunta\u201d, dijo el abogado.<\/p>\n<p>&nbsp;<\/p>\n<blockquote class=\"wp-embedded-content\" data-secret=\"7PEjHvQjeZ\"><p><a href=\"https:\/\/cdnoticias.com\/index.php\/2022\/07\/26\/calonje-hay-elementos-que-nos-pueden-decir-que-estamos-ante-un-homicidio\/\">Calonje: \u201cHay elementos que nos pueden decir que estamos ante un homicidio\u201d<\/a><\/p><\/blockquote>\n<p><iframe loading=\"lazy\" class=\"wp-embedded-content\" sandbox=\"allow-scripts\" security=\"restricted\" style=\"position: absolute; clip: rect(1px, 1px, 1px, 1px);\" title=\"&#8220;Calonje: \u201cHay elementos que nos pueden decir que estamos ante un homicidio\u201d&#8221; &#8212; Central de Noticias | Olavarr\u00eda\" src=\"https:\/\/cdnoticias.com\/index.php\/2022\/07\/26\/calonje-hay-elementos-que-nos-pueden-decir-que-estamos-ante-un-homicidio\/embed\/#?secret=Y2mg1QMhxu#?secret=7PEjHvQjeZ\" data-secret=\"7PEjHvQjeZ\" width=\"600\" height=\"338\" frameborder=\"0\" marginwidth=\"0\" marginheight=\"0\" scrolling=\"no\"><\/iframe><\/p>\n<p>&nbsp;<\/p>\n<p><em>Fuente: DIB<\/em><\/p>\n<p>&nbsp;<\/p>\n<p>&nbsp;<\/p>\n","protected":false},"excerpt":{"rendered":"<p>Objetaron los resultados y aseguraron que pedir\u00e1n \u201cjuicio pol\u00edtico para el fiscal y la jueza de Garant\u00edas\u201d.<\/p>\n","protected":false},"author":5,"featured_media":60989,"comment_status":"closed","ping_status":"closed","sticky":false,"template":"","format":"standard","meta":{"_jetpack_memberships_contains_paid_content":false,"footnotes":""},"categories":[6,1],"tags":[],"class_list":["post-60988","post","type-post","status-publish","format-standard","has-post-thumbnail","hentry","category-nacionales","category-portada"],"jetpack_featured_media_url":"https:\/\/i0.wp.com\/cdnoticias.com\/wp-content\/uploads\/2022\/07\/laprida-daiana.jpg?fit=560%2C390&ssl=1","jetpack_sharing_enabled":true,"_links":{"self":[{"href":"https:\/\/cdnoticias.com\/index.php\/wp-json\/wp\/v2\/posts\/60988","targetHints":{"allow":["GET"]}}],"collection":[{"href":"https:\/\/cdnoticias.com\/index.php\/wp-json\/wp\/v2\/posts"}],"about":[{"href":"https:\/\/cdnoticias.com\/index.php\/wp-json\/wp\/v2\/types\/post"}],"author":[{"embeddable":true,"href":"https:\/\/cdnoticias.com\/index.php\/wp-json\/wp\/v2\/users\/5"}],"replies":[{"embeddable":true,"href":"https:\/\/cdnoticias.com\/index.php\/wp-json\/wp\/v2\/comments?post=60988"}],"version-history":[{"count":0,"href":"https:\/\/cdnoticias.com\/index.php\/wp-json\/wp\/v2\/posts\/60988\/revisions"}],"wp:featuredmedia":[{"embeddable":true,"href":"https:\/\/cdnoticias.com\/index.php\/wp-json\/wp\/v2\/media\/60989"}],"wp:attachment":[{"href":"https:\/\/cdnoticias.com\/index.php\/wp-json\/wp\/v2\/media?parent=60988"}],"wp:term":[{"taxonomy":"category","embeddable":true,"href":"https:\/\/cdnoticias.com\/index.php\/wp-json\/wp\/v2\/categories?post=60988"},{"taxonomy":"post_tag","embeddable":true,"href":"https:\/\/cdnoticias.com\/index.php\/wp-json\/wp\/v2\/tags?post=60988"}],"curies":[{"name":"wp","href":"https:\/\/api.w.org\/{rel}","templated":true}]}}