{"id":60973,"date":"2022-07-26T11:10:26","date_gmt":"2022-07-26T14:10:26","guid":{"rendered":"https:\/\/www.centraldenoticias.com.ar\/?p=60973"},"modified":"2022-07-26T11:10:26","modified_gmt":"2022-07-26T14:10:26","slug":"comienza-la-inscripcion-a-ninos-y-ninas-para-vacunarse-contra-el-covid","status":"publish","type":"post","link":"https:\/\/cdnoticias.com\/index.php\/2022\/07\/26\/comienza-la-inscripcion-a-ninos-y-ninas-para-vacunarse-contra-el-covid\/","title":{"rendered":"Comienza la inscripci\u00f3n a ni\u00f1os y ni\u00f1as para vacunarse contra el COVID"},"content":{"rendered":"<p>Lo anunci\u00f3 el gobernador Axel Kicillof este martes. Ser\u00e1 para el rango etario entre 6 meses y 3 a\u00f1os y por turnos, por lo que deber\u00e1n inscribirse en la p\u00e1gina o la aplicaci\u00f3n. <!--more--><\/p>\n<hr \/>\n<p>Anunciado po<strong>r el gobernador Axel Kicillof y el Ministro de Salud, Nicol\u00e1s Kreplak, comenz\u00f3 la inscripci\u00f3n para ni\u00f1os y ni\u00f1as de entre 6 meses y 3 a\u00f1os para vacunarse contra el COVID en la Provincia de Buenos Aires.<\/strong><\/p>\n<p>&nbsp;<\/p>\n<p>Tras la aprobaci\u00f3n para aplicar vacunas a este rango etario a nivel nacional,<strong> la Provincia organiz\u00f3 esta nueva etapa que, cabe se\u00f1alar, ser\u00e1 bajo el sistema de turnos organizado por el Ministerio de Salud de la Naci\u00f3n.<\/strong><\/p>\n<p>&nbsp;<\/p>\n<blockquote><p>Para los interesados, deber\u00e1n inscribirse desde la p\u00e1gina vacunatepba.gba.gob.ar o desde la app Vacunate PBA.<\/p><\/blockquote>\n<p>&nbsp;<\/p>\n<p>Las dosis se aplicar\u00e1n en los vacunatorios habituales de los municipios, ya que \u201ctienen el personal capacitado y experimentado para la atenci\u00f3n personas menores y para aprovechar y completar esquemas las vacunas calendario\u201d.<\/p>\n<p>&nbsp;<\/p>\n<p>Adem\u00e1s, insistieron en que las personas mayores de 3 a\u00f1os la vacunaci\u00f3n es \u201clibre (sin turno previo), gratuita y federal\u201d.<\/p>\n","protected":false},"excerpt":{"rendered":"<p>Lo anunci\u00f3 el gobernador Axel Kicillof este martes. Ser\u00e1 para el rango etario entre 6 meses y 3 a\u00f1os y<\/p>\n","protected":false},"author":2,"featured_media":44266,"comment_status":"closed","ping_status":"closed","sticky":false,"template":"","format":"standard","meta":{"_jetpack_memberships_contains_paid_content":false,"footnotes":""},"categories":[16,1],"tags":[],"class_list":["post-60973","post","type-post","status-publish","format-standard","has-post-thumbnail","hentry","category-covid-19","category-portada"],"jetpack_featured_media_url":"https:\/\/i0.wp.com\/cdnoticias.com\/wp-content\/uploads\/2022\/01\/kicillof-kreplak.jpg?fit=800%2C445&ssl=1","jetpack_sharing_enabled":true,"_links":{"self":[{"href":"https:\/\/cdnoticias.com\/index.php\/wp-json\/wp\/v2\/posts\/60973","targetHints":{"allow":["GET"]}}],"collection":[{"href":"https:\/\/cdnoticias.com\/index.php\/wp-json\/wp\/v2\/posts"}],"about":[{"href":"https:\/\/cdnoticias.com\/index.php\/wp-json\/wp\/v2\/types\/post"}],"author":[{"embeddable":true,"href":"https:\/\/cdnoticias.com\/index.php\/wp-json\/wp\/v2\/users\/2"}],"replies":[{"embeddable":true,"href":"https:\/\/cdnoticias.com\/index.php\/wp-json\/wp\/v2\/comments?post=60973"}],"version-history":[{"count":0,"href":"https:\/\/cdnoticias.com\/index.php\/wp-json\/wp\/v2\/posts\/60973\/revisions"}],"wp:featuredmedia":[{"embeddable":true,"href":"https:\/\/cdnoticias.com\/index.php\/wp-json\/wp\/v2\/media\/44266"}],"wp:attachment":[{"href":"https:\/\/cdnoticias.com\/index.php\/wp-json\/wp\/v2\/media?parent=60973"}],"wp:term":[{"taxonomy":"category","embeddable":true,"href":"https:\/\/cdnoticias.com\/index.php\/wp-json\/wp\/v2\/categories?post=60973"},{"taxonomy":"post_tag","embeddable":true,"href":"https:\/\/cdnoticias.com\/index.php\/wp-json\/wp\/v2\/tags?post=60973"}],"curies":[{"name":"wp","href":"https:\/\/api.w.org\/{rel}","templated":true}]}}