{"id":60945,"date":"2022-07-25T18:36:49","date_gmt":"2022-07-25T21:36:49","guid":{"rendered":"https:\/\/www.centraldenoticias.com.ar\/?p=60945"},"modified":"2022-07-25T18:36:49","modified_gmt":"2022-07-25T21:36:49","slug":"maria-alejandra-freire-jani-q-e-p-d","status":"publish","type":"post","link":"https:\/\/cdnoticias.com\/index.php\/2022\/07\/25\/maria-alejandra-freire-jani-q-e-p-d\/","title":{"rendered":"Mar\u00eda Alejandra Freire &#8220;Jani&#8221; (Q.E.P.D.)"},"content":{"rendered":"<p>Falleci\u00f3 en Olavarr\u00eda el d\u00eda 25 de julio de 2022 a los 56 a\u00f1os.\u00a0 Sus padres Walter Osvaldo Freire y Norma Beatriz Moreno. Sus hermanos Walter Daniel Freire y Lilia Beatriz Freire. Su hermano pol\u00edtico Alberto V\u00e1zquez. Sus sobrinos Mar\u00eda Ornela Candia y Ra\u00fal Ger\u00f3nimo Candia. Sus sobrinos pol\u00edticos Mat\u00edas Zerda y Mar\u00eda V\u00e1zquez. Sus sobrinos nietos Bianca y Alba. Sus t\u00edos. Sus primos y dem\u00e1s deudos participan su fallecimiento.<\/p>\n<p>&nbsp;<\/p>\n<p>Velatorio: Espa\u00f1a 2942 departamento &#8220;C&#8221;. El velatorio comienza este martes a las 07:00. Responso: Capilla Ardiente. Cremaci\u00f3n: Crematorio Pinos de Paz, d\u00eda y hora a confirmar. Servicio adherido a Coopelectric.<\/p>\n<p>&nbsp;<\/p>\n<p>Barrio en el que viv\u00eda: Vecina de Barrio Pueblo Nuevo.<\/p>\n<p>Lugar de nacimiento: Nacida en Bol\u00edvar.<\/p>\n","protected":false},"excerpt":{"rendered":"<p>Falleci\u00f3 en Olavarr\u00eda el d\u00eda 25 de julio de 2022 a los 56 a\u00f1os.\u00a0 Sus padres Walter Osvaldo Freire y<\/p>\n","protected":false},"author":6,"featured_media":51544,"comment_status":"closed","ping_status":"closed","sticky":false,"template":"","format":"standard","meta":{"_jetpack_memberships_contains_paid_content":false,"footnotes":""},"categories":[10],"tags":[],"class_list":["post-60945","post","type-post","status-publish","format-standard","has-post-thumbnail","hentry","category-necrologicas"],"jetpack_featured_media_url":"https:\/\/i0.wp.com\/cdnoticias.com\/wp-content\/uploads\/2022\/04\/necrologicas-390-x-240.jpg?fit=390%2C240&ssl=1","jetpack_sharing_enabled":true,"_links":{"self":[{"href":"https:\/\/cdnoticias.com\/index.php\/wp-json\/wp\/v2\/posts\/60945","targetHints":{"allow":["GET"]}}],"collection":[{"href":"https:\/\/cdnoticias.com\/index.php\/wp-json\/wp\/v2\/posts"}],"about":[{"href":"https:\/\/cdnoticias.com\/index.php\/wp-json\/wp\/v2\/types\/post"}],"author":[{"embeddable":true,"href":"https:\/\/cdnoticias.com\/index.php\/wp-json\/wp\/v2\/users\/6"}],"replies":[{"embeddable":true,"href":"https:\/\/cdnoticias.com\/index.php\/wp-json\/wp\/v2\/comments?post=60945"}],"version-history":[{"count":0,"href":"https:\/\/cdnoticias.com\/index.php\/wp-json\/wp\/v2\/posts\/60945\/revisions"}],"wp:featuredmedia":[{"embeddable":true,"href":"https:\/\/cdnoticias.com\/index.php\/wp-json\/wp\/v2\/media\/51544"}],"wp:attachment":[{"href":"https:\/\/cdnoticias.com\/index.php\/wp-json\/wp\/v2\/media?parent=60945"}],"wp:term":[{"taxonomy":"category","embeddable":true,"href":"https:\/\/cdnoticias.com\/index.php\/wp-json\/wp\/v2\/categories?post=60945"},{"taxonomy":"post_tag","embeddable":true,"href":"https:\/\/cdnoticias.com\/index.php\/wp-json\/wp\/v2\/tags?post=60945"}],"curies":[{"name":"wp","href":"https:\/\/api.w.org\/{rel}","templated":true}]}}