{"id":60917,"date":"2022-07-25T16:26:45","date_gmt":"2022-07-25T19:26:45","guid":{"rendered":"https:\/\/www.centraldenoticias.com.ar\/?p=60917"},"modified":"2022-07-25T19:30:14","modified_gmt":"2022-07-25T22:30:14","slug":"caso-abregu-la-comision-por-la-memoria-insistio-en-cuestionar-al-fiscal","status":"publish","type":"post","link":"https:\/\/cdnoticias.com\/index.php\/2022\/07\/25\/caso-abregu-la-comision-por-la-memoria-insistio-en-cuestionar-al-fiscal\/","title":{"rendered":"Caso Abregu: la Comisi\u00f3n por la Memoria insisti\u00f3 en cuestionar al fiscal"},"content":{"rendered":"<p>El organismo provincial reiter\u00f3 su cr\u00edtica por \u201cmaniobras dilatorias\u201d. Se apoy\u00f3 en lo que sostuvo la jueza San Rom\u00e1n para subrayar que \u201cla orden desestima completamente la hip\u00f3tesis del suicidio que se intent\u00f3 instalar en un primer momento desde la fuerza policial\u201d.<!--more--><\/p>\n<hr \/>\n<p><strong>La Comisi\u00f3n Provincial por la Memoria<\/strong> dio a conocer <a href=\"https:\/\/cdnoticias.com\/index.php\/2022\/07\/25\/caso-daiana-abregu-acusaron-a-cinco-policias-de-homicidio-agravado-y-fueron-detenidos\/\" target=\"_blank\" rel=\"noopener\">la detenci\u00f3n de los cinco polic\u00edas bonaerenses acusados del \u201chomicidio agravado\u201d de Daiana Abreg\u00fa (26) en Laprida<\/a> y en ese marco se destac\u00f3 que <strong>en la orden de detenci\u00f3n la jueza de Garant\u00edas N\u00ba 1 de Olavarr\u00eda, Fabiana San Rom\u00e1n, \u201cllama la atenci\u00f3n sobre la inacci\u00f3n del Ministerio P\u00fablico Fiscal\u201d<\/strong>.<\/p>\n<p>&nbsp;<\/p>\n<p>\u201cLas detenciones se producen pocos d\u00edas despu\u00e9s de la reautopsia que solicit\u00f3 la CPM, a cuya realizaci\u00f3n se opuso y luego dilat\u00f3 el fiscal Jos\u00e9 Ignacio Calonje. Los resultados de esta reautopsia, realizada por cuatro m\u00e9dicos forenses de la Asesor\u00eda Pericial de La Plata, resultaron determinantes. As\u00ed se expresa en la orden de detenci\u00f3n en la que se establece que <strong>la muerte de Daiana se produjo como consecuencia de un edema hemorr\u00e1gico pulmonar, siendo estas conclusiones las que confirman el \u00b4hecho delictivo\u00b4\u201d<\/strong> se\u00f1al\u00f3 el organismo de derechos humanos.<\/p>\n<p>&nbsp;<\/p>\n<p>Asimismo, se indic\u00f3 que \u201cjunto con los resultados de la reautopsia la Jueza examina una serie de circunstancias y hechos documentados en la investigaci\u00f3n y que conducen a establecer las responsabilidades de los cinco agentes de la polic\u00eda bonaerense en el asesinato de Daiana Abreg\u00fa. En consecuencia, <strong>la orden desestima completamente la hip\u00f3tesis del suicidio que se intent\u00f3 instalar en un primer momento desde la fuerza policial\u201d<\/strong>.<\/p>\n<p>&nbsp;<\/p>\n<blockquote><p>Se indic\u00f3 adem\u00e1s que en el escrito la Jueza cuestiona el accionar del Ministerio P\u00fablico Fiscal en la figura del doctor Jos\u00e9 Ignacio Calonje al expresar que \u201cresulta escaso el aporte probatorio realizado hasta la fecha\u201d y que \u201cllama la atenci\u00f3n su inacci\u00f3n\u201d. Y adem\u00e1s agrega: \u201cTampoco se explica c\u00f3mo, habiendo existido otros funcionarios policiales que cumplieran sus labores esa fat\u00eddica ma\u00f1ana y que, el representante del MPF ha dejado al margen del pedido de coerci\u00f3n, no les haya recibido testimonio, m\u00e1xime si se tiene en cuenta que algunos de ellos, conforme los libros aportados, pudieron haber tenido contacto directo con la v\u00edctima luego de su ingreso a las 7:20hs. en calidad de contraventora\u201d.<\/p><\/blockquote>\n<p>&nbsp;<\/p>\n<p>Desde la CPM, que en su car\u00e1cter de Mecanismo Local de Prevenci\u00f3n de la Tortura interviene en la causa como particular damnificado,<strong> se hab\u00edan denunciado muchas de las \u201cmaniobras dilatorias\u201d del fiscal Calonje<\/strong> en la causa, <a href=\"https:\/\/cdnoticias.com\/index.php\/2022\/07\/02\/caso-daiana-abregu-la-comision-por-la-memoria-apunta-contra-el-fiscal\/\" target=\"_blank\" rel=\"noopener\">especialmente los obst\u00e1culos para la realizaci\u00f3n de la segunda autopsia<\/a>.<\/p>\n<p>&nbsp;<\/p>\n<p>Frente a este nuevo avance de la causa, la Comisi\u00f3n por la Memoria resalt\u00f3 que \u201ca la luz de las evidencias, reafirmamos lo que ya dijimos: es indispensable que el Procurador General de la provincia de Buenos Aires, Julio Conte Grand, cumpla con la ley provincial que crea las<strong> fiscal\u00edas especializadas en violencia institucional, nombrando funcionarios judiciales calificados y comprometidos con una perspectiva de derechos humanos<\/strong>, que intervengan de manera diligente y urgente frente a estos graves delitos cometidos por los funcionarios policiales\u201d.<\/p>\n","protected":false},"excerpt":{"rendered":"<p>El organismo provincial reiter\u00f3 su cr\u00edtica por \u201cmaniobras dilatorias\u201d. Se apoy\u00f3 en lo que sostuvo la jueza San Rom\u00e1n para<\/p>\n","protected":false},"author":4,"featured_media":60920,"comment_status":"closed","ping_status":"closed","sticky":false,"template":"","format":"standard","meta":{"_jetpack_memberships_contains_paid_content":false,"footnotes":""},"categories":[6,1],"tags":[],"class_list":["post-60917","post","type-post","status-publish","format-standard","has-post-thumbnail","hentry","category-nacionales","category-portada"],"jetpack_featured_media_url":"https:\/\/i0.wp.com\/cdnoticias.com\/wp-content\/uploads\/2022\/07\/comisaria-laprida-02.jpg?fit=800%2C445&ssl=1","jetpack_sharing_enabled":true,"_links":{"self":[{"href":"https:\/\/cdnoticias.com\/index.php\/wp-json\/wp\/v2\/posts\/60917","targetHints":{"allow":["GET"]}}],"collection":[{"href":"https:\/\/cdnoticias.com\/index.php\/wp-json\/wp\/v2\/posts"}],"about":[{"href":"https:\/\/cdnoticias.com\/index.php\/wp-json\/wp\/v2\/types\/post"}],"author":[{"embeddable":true,"href":"https:\/\/cdnoticias.com\/index.php\/wp-json\/wp\/v2\/users\/4"}],"replies":[{"embeddable":true,"href":"https:\/\/cdnoticias.com\/index.php\/wp-json\/wp\/v2\/comments?post=60917"}],"version-history":[{"count":0,"href":"https:\/\/cdnoticias.com\/index.php\/wp-json\/wp\/v2\/posts\/60917\/revisions"}],"wp:featuredmedia":[{"embeddable":true,"href":"https:\/\/cdnoticias.com\/index.php\/wp-json\/wp\/v2\/media\/60920"}],"wp:attachment":[{"href":"https:\/\/cdnoticias.com\/index.php\/wp-json\/wp\/v2\/media?parent=60917"}],"wp:term":[{"taxonomy":"category","embeddable":true,"href":"https:\/\/cdnoticias.com\/index.php\/wp-json\/wp\/v2\/categories?post=60917"},{"taxonomy":"post_tag","embeddable":true,"href":"https:\/\/cdnoticias.com\/index.php\/wp-json\/wp\/v2\/tags?post=60917"}],"curies":[{"name":"wp","href":"https:\/\/api.w.org\/{rel}","templated":true}]}}