{"id":60889,"date":"2022-07-24T20:16:54","date_gmt":"2022-07-24T23:16:54","guid":{"rendered":"https:\/\/www.centraldenoticias.com.ar\/?p=60889"},"modified":"2022-07-25T09:29:50","modified_gmt":"2022-07-25T12:29:50","slug":"el-metro-patron-de-las-ciudades","status":"publish","type":"post","link":"https:\/\/cdnoticias.com\/index.php\/2022\/07\/24\/el-metro-patron-de-las-ciudades\/","title":{"rendered":"El metro patr\u00f3n de las ciudades"},"content":{"rendered":"<p>Ciudades para autom\u00f3viles, ciudadanos que se adaptan. Dise\u00f1os inclusivos, ciudades\u00a0 del futuro, ideas que fomenten la integraci\u00f3n real. <!--more--><\/p>\n<hr \/>\n<p><em><strong>Por Marcos Pascua<\/strong><\/em><\/p>\n<p>&nbsp;<\/p>\n<p align=\"justify\">Alguna vez te pusiste a pensar, mientras recorr\u00edas tu ciudad, por qu\u00e9 a algunas personas les resulta m\u00e1s c\u00f3modo moverse en ellas, o por qu\u00e9 algunos lugares est\u00e1n m\u00e1s iluminados que otros o tienen una mejor accesibilidad. \u00bfC\u00f3mo est\u00e1 pensado esto?, \u00bfcu\u00e1l es su patr\u00f3n de dise\u00f1o? y \u00bfqu\u00e9 lugar les da la ciudad a las personas mayores?<\/p>\n<p align=\"justify\">Te invito a que cuando salgas por tu ciudad prestes atenci\u00f3n a los diferentes grupos etarios que se mueven y veas que tan f\u00e1cil o que tan dif\u00edcil les resulta circular en una ciudad, o, en otras palabras, <b>qu\u00e9 tan c\u00f3modo es para algunas personas y por qu\u00e9 no es tan c\u00f3modo para otras<\/b>.<\/p>\n<p>&nbsp;<\/p>\n<p align=\"justify\">En varias columnas hemos hablado de que las ciudades fueron dise\u00f1adas para los autom\u00f3viles, ellos <b>ocupan el 80% del espacio p\u00fablico y son beneficiados por inversiones millonarias<\/b>, en ese contexto, el resto de los usuarios de la v\u00eda p\u00fablica se adaptan, muchas veces circulando en menores condiciones de seguridad y con menor accesibilidad.<\/p>\n<p>&nbsp;<\/p>\n<p align=\"justify\">Algo similar pasa con las personas, concretamente con los grupos etarios, ya que no todos pueden acceder de la misma manera a la ciudad, veamos un poco cu\u00e1l es el motivo.<\/p>\n<p>&nbsp;<\/p>\n<p align=\"justify\"><b>\u00bfC\u00f3mo se pensaron las ciudades?<\/b><\/p>\n<p>&nbsp;<\/p>\n<p align=\"justify\">La ciudad fue pensada siguiendo un patr\u00f3n, algo as\u00ed como esa varilla de hierro que fue utilizada como est\u00e1ndar para la construcci\u00f3n de todas las otras medidas de longitud del sistema m\u00e9trico que se encuentra en el Conservatorio de Artes y Oficios de Par\u00eds, varilla que com\u00fanmente conocemos por <b>metro patr\u00f3n.<\/b><\/p>\n<p>&nbsp;<\/p>\n<p align=\"justify\">El urbanismo tambi\u00e9n tuvo su metro patr\u00f3n para pensar las ciudades y como muchas de ellas se desarrollaron en la primera mitad del siglo XX, en plena revoluci\u00f3n industrial, cuando eran los hombres quienes sal\u00edan a trabajar mientras las mujeres se quedaban en casa realizando labores dom\u00e9sticas, <b>su metro patr\u00f3n fueron los hombres de mediana edad, productivos y que ten\u00edan auto, por eso hoy tenemos modelos de ciudad donde se privilegia el auto y donde no existe la perspectiva de g\u00e9nero.<\/b><\/p>\n<p>&nbsp;<\/p>\n<p align=\"justify\">Esto se debe tambi\u00e9n a que las ciudades fueron dise\u00f1adas por hombres, en definitiva, tenemos ciudades dise\u00f1adas por hombres y para hombres, por eso hoy se habla del concepto de ciudades con perspectiva de g\u00e9nero.<\/p>\n<p align=\"justify\">\u00a1Alerta spoiler!, ese ser\u00e1 tema de otra columna.<\/p>\n<p>&nbsp;<\/p>\n<p align=\"justify\">Toda esta introducci\u00f3n sirve para comenzar a entender porque las ciudades no son igualmente accesibles para todas las personas, <b>las infancias, las personas mayores, las personas con discapacidad, adolescentes, las minor\u00edas sexuales, no acceden de la misma manera a la ciudad que s\u00ed puede hacerlo el hombre heterosexual de mediana edad, productivo y con auto<\/b>.<\/p>\n<p>&nbsp;<\/p>\n<p align=\"justify\">Y si bien es algo que de a poco est\u00e1 cambiando, en general, las mujeres tampoco acceden de la misma manera a la ciudad que los hombres, algo que podemos ver en <a href=\"https:\/\/cdnoticias.com\/index.php\/2022\/02\/06\/seguridad-vial-con-perspectiva-de-genero-las-mujeres-manejan-mejor\/\">este estudio<\/a> publicado por la Agencia Nacional de Seguridad Vial.<\/p>\n<p>&nbsp;<\/p>\n<p align=\"justify\"><b>El proceso de envejecimiento<\/b><\/p>\n<p>&nbsp;<\/p>\n<p align=\"justify\">Seg\u00fan datos de la Organizaci\u00f3n de la Salud que <a href=\"https:\/\/www.who.int\/es\/news-room\/fact-sheets\/detail\/ageing-and-health\">aqu\u00ed<\/a> pueden acceder, se espera que entre 2020 y 2030, <b>el porcentaje de habitantes del planeta mayores de 60 a\u00f1os aumentar\u00e1 un 34%.<\/b> En la actualidad, la cantidad de personas mayores de 60 a\u00f1os o m\u00e1s supera a la cantidad de ni\u00f1os y ni\u00f1as menores de cinco a\u00f1os y <a href=\"https:\/\/www.paho.org\/es\/datos-visualizaciones\"><b>se espera que para 2050 supere tambi\u00e9n al grupo etario de entre 15 y 24 a\u00f1os de edad<\/b><\/a>. El 65% de estas personas mayores de 60, vivir\u00e1 en pa\u00edses de ingresos bajos y medianos. Al final de la d\u00e9cada 2021-2030, la cifra de personas de +60 habr\u00e1 aumentado en un 34%, de <b>1000 millones en 2019 a 1400 millones<\/b>.<\/p>\n<p>&nbsp;<\/p>\n<p align=\"justify\"><b><img data-recalc-dims=\"1\" loading=\"lazy\" decoding=\"async\" class=\"aligncenter size-full wp-image-60891\" src=\"https:\/\/i0.wp.com\/cdnoticias.com\/wp-content\/uploads\/2022\/07\/Imagen-1-1.png?resize=800%2C367&#038;ssl=1\" alt=\"\" width=\"800\" height=\"367\" srcset=\"https:\/\/i0.wp.com\/cdnoticias.com\/wp-content\/uploads\/2022\/07\/Imagen-1-1.png?w=1386&amp;ssl=1 1386w, https:\/\/i0.wp.com\/cdnoticias.com\/wp-content\/uploads\/2022\/07\/Imagen-1-1.png?resize=300%2C138&amp;ssl=1 300w, https:\/\/i0.wp.com\/cdnoticias.com\/wp-content\/uploads\/2022\/07\/Imagen-1-1.png?resize=1024%2C470&amp;ssl=1 1024w, https:\/\/i0.wp.com\/cdnoticias.com\/wp-content\/uploads\/2022\/07\/Imagen-1-1.png?resize=768%2C352&amp;ssl=1 768w\" sizes=\"auto, (max-width: 800px) 100vw, 800px\" \/><\/b><\/p>\n<p>&nbsp;<\/p>\n<p align=\"justify\">Teniendo en cuenta estos datos es que la OMS pens\u00f3 en un programa denominado <a href=\"https:\/\/www.paho.org\/es\/envejecimiento-saludable\"><b>La d\u00e9cada del envejecimiento saludable<\/b><\/a> y esto qu\u00e9 tiene que ver con el dise\u00f1o de la ciudad.<\/p>\n<p>&nbsp;<\/p>\n<p align=\"justify\"><b><img data-recalc-dims=\"1\" loading=\"lazy\" decoding=\"async\" class=\"aligncenter size-full wp-image-60892\" src=\"https:\/\/i0.wp.com\/cdnoticias.com\/wp-content\/uploads\/2022\/07\/Imagen-2-1.png?resize=670%2C432&#038;ssl=1\" alt=\"\" width=\"670\" height=\"432\" srcset=\"https:\/\/i0.wp.com\/cdnoticias.com\/wp-content\/uploads\/2022\/07\/Imagen-2-1.png?w=670&amp;ssl=1 670w, https:\/\/i0.wp.com\/cdnoticias.com\/wp-content\/uploads\/2022\/07\/Imagen-2-1.png?resize=300%2C193&amp;ssl=1 300w\" sizes=\"auto, (max-width: 670px) 100vw, 670px\" \/><\/b><\/p>\n<p>&nbsp;<\/p>\n<p align=\"justify\">La medicina ha logrado que nuestra esperanza de vida sea cada vez mayor, es decir, se ha agregado a\u00f1os de vida, pero <b>no se ha agregado vida a los a\u00f1os<\/b> y por eso se habla de un envejecimiento saludable. En su plan de desarrollo, la OMS da una serie de pautas para pensar las ciudades en funci\u00f3n de las personas mayores y esto tiene que ver con <b>empezar a darle m\u00e1s participaci\u00f3n a la hora de pensar pol\u00edticas p\u00fablicas en relaci\u00f3n con la ciudad<\/b>, en otras palabras, dejar de usar el metro patr\u00f3n y ampliar la muestra.<\/p>\n<p>&nbsp;<\/p>\n<p align=\"justify\">Para ser m\u00e1s claro voy con un ejemplo, en ciudades que integran la <b>Red de Ciudades y Comunidades Amigables con las Personas Mayores<\/b>, donde se han escuchado sus demandas, hay una que es bastante com\u00fan y es el <b>estado de las veredas<\/b>.<\/p>\n<p>&nbsp;<\/p>\n<p align=\"justify\">En general, las personas mayores ya no se mueven en veh\u00edculo privado, al menos no en forma aut\u00f3noma, a veces tienen la posibilidad de contar con un familiar que les oficie de chofer, cuando no, utilizan el transporte p\u00fablico, a veces la bicicleta y <b>en muchos casos caminan<\/b>, se desplazan a pie.<\/p>\n<p>&nbsp;<\/p>\n<p align=\"justify\">\u00bfY cu\u00e1l es su demanda? <b>Mejorar el estado de las veredas y dejarlas libras de obst\u00e1culos<\/b>, tema del que hablamos hace 15 d\u00edas <a href=\"https:\/\/cdnoticias.com\/index.php\/2022\/07\/10\/espacio-publico-para-pocos-un-analisis-de-la-movilidad-en-olavarria\/\">ac\u00e1<\/a>. Es com\u00fan escuchar noticias de personas mayores que se tropiezan y se caen por el estado de las veredas, como pas\u00f3 en <a href=\"https:\/\/www.laopinionsemanario.com.ar\/noticia\/una-mujer-se-lastimo-la-cara-al-tropezar-en-una-vereda-en-mal-estado\/\">San Pedro<\/a> o <a href=\"https:\/\/www.nuevarioja.com.ar\/10593-un-anciano-tropezo-en-la-vereda-y-al-caer-se-fracturo-el-hombro\">La Rioja<\/a> y tal vez vos conozcas alg\u00fan otro caso.<\/p>\n<p>&nbsp;<\/p>\n<p align=\"justify\"><b><img data-recalc-dims=\"1\" loading=\"lazy\" decoding=\"async\" class=\"aligncenter size-full wp-image-60893\" src=\"https:\/\/i0.wp.com\/cdnoticias.com\/wp-content\/uploads\/2022\/07\/Imagen-3-1.png?resize=752%2C502&#038;ssl=1\" alt=\"\" width=\"752\" height=\"502\" srcset=\"https:\/\/i0.wp.com\/cdnoticias.com\/wp-content\/uploads\/2022\/07\/Imagen-3-1.png?w=752&amp;ssl=1 752w, https:\/\/i0.wp.com\/cdnoticias.com\/wp-content\/uploads\/2022\/07\/Imagen-3-1.png?resize=300%2C200&amp;ssl=1 300w, https:\/\/i0.wp.com\/cdnoticias.com\/wp-content\/uploads\/2022\/07\/Imagen-3-1.png?resize=272%2C182&amp;ssl=1 272w\" sizes=\"auto, (max-width: 752px) 100vw, 752px\" \/><\/b><\/p>\n<p>&nbsp;<\/p>\n<p align=\"justify\">Seguramente te toc\u00f3 <b>ayudar a cruzar la calle a una persona mayor<\/b> o viste lo dif\u00edcil que se les hace cruzar en muchos casos, situaci\u00f3n que se complejiza si se mueve con un bast\u00f3n, por ejemplo. Tambi\u00e9n se les hace muy dif\u00edcil cruzar en avenidas o en el caso particular de Olavarr\u00eda, en las rotondas y esto porque como venimos hablando hasta ac\u00e1, las ciudades no est\u00e1n pensadas para ellos.<\/p>\n<p>&nbsp;<\/p>\n<p align=\"justify\">Otra cuesti\u00f3n que es muy com\u00fan es la <b>falta de espacios de encuentro<\/b> ya que en general la ciudad no es un lugar que se preste al encuentro y los centros urbanos en particular se pensaron como centros de consumo, por eso escasean los bancos donde sentarse a descansar de una ma\u00f1ana de tr\u00e1mites o donde tomar una pausa a la sombra en una ma\u00f1ana de diciembre o simplemente un lugar donde ver la ciudad pasar. De alguna manera, las supermanzanas comenzaron a suplir esa demanda, algo de lo que hablamos en alguna otra <a href=\"https:\/\/cdnoticias.com\/index.php\/2021\/02\/07\/la-ciudad-del-futuro\/\">columna<\/a>.<\/p>\n<p>&nbsp;<\/p>\n<p align=\"justify\"><b><img data-recalc-dims=\"1\" loading=\"lazy\" decoding=\"async\" class=\"aligncenter size-full wp-image-60894\" src=\"https:\/\/i0.wp.com\/cdnoticias.com\/wp-content\/uploads\/2022\/07\/Imagen-4.jpg?resize=800%2C451&#038;ssl=1\" alt=\"\" width=\"800\" height=\"451\" srcset=\"https:\/\/i0.wp.com\/cdnoticias.com\/wp-content\/uploads\/2022\/07\/Imagen-4.jpg?w=1200&amp;ssl=1 1200w, https:\/\/i0.wp.com\/cdnoticias.com\/wp-content\/uploads\/2022\/07\/Imagen-4.jpg?resize=300%2C169&amp;ssl=1 300w, https:\/\/i0.wp.com\/cdnoticias.com\/wp-content\/uploads\/2022\/07\/Imagen-4.jpg?resize=1024%2C577&amp;ssl=1 1024w, https:\/\/i0.wp.com\/cdnoticias.com\/wp-content\/uploads\/2022\/07\/Imagen-4.jpg?resize=768%2C433&amp;ssl=1 768w\" sizes=\"auto, (max-width: 800px) 100vw, 800px\" \/><\/b><\/p>\n<p>&nbsp;<\/p>\n<p align=\"justify\"><b><img data-recalc-dims=\"1\" loading=\"lazy\" decoding=\"async\" class=\"aligncenter size-full wp-image-60895\" src=\"https:\/\/i0.wp.com\/cdnoticias.com\/wp-content\/uploads\/2022\/07\/Imagen-5.png?resize=800%2C600&#038;ssl=1\" alt=\"\" width=\"800\" height=\"600\" srcset=\"https:\/\/i0.wp.com\/cdnoticias.com\/wp-content\/uploads\/2022\/07\/Imagen-5.png?w=800&amp;ssl=1 800w, https:\/\/i0.wp.com\/cdnoticias.com\/wp-content\/uploads\/2022\/07\/Imagen-5.png?resize=300%2C225&amp;ssl=1 300w, https:\/\/i0.wp.com\/cdnoticias.com\/wp-content\/uploads\/2022\/07\/Imagen-5.png?resize=768%2C576&amp;ssl=1 768w\" sizes=\"auto, (max-width: 800px) 100vw, 800px\" \/><\/b><\/p>\n<p>&nbsp;<\/p>\n<p align=\"justify\"><b>Un dise\u00f1o que incluya<\/b><\/p>\n<p>&nbsp;<\/p>\n<p align=\"justify\">Para pensar en mejorar las ciudades y adaptarlas a las personas mayores, no que las personas mayores se tengan que adaptar a las ciudades, es necesario <b>incluirlas en la planificaci\u00f3n, escuchar sus demandas, formar grupos de debate e intercambio y dise\u00f1ar pol\u00edticas p\u00fablicas en funci\u00f3n de los resultados<\/b>. Esto es lo que propone la OMS a trav\u00e9s de la Red de Ciudades y Comunidades Amigables con las Personas Mayores.<\/p>\n<p>&nbsp;<\/p>\n<p align=\"justify\">La <a href=\"https:\/\/extranet.who.int\/agefriendlyworld\/who-network\/\">Red de Ciudades y Comunidades Amigables con las Personas Mayores<\/a> est\u00e1 integrada por <b>805 ciudades de todo el mundo<\/b>, entre ellas algunas ciudades argentinas como <b>La Plata, Mendoza y Buenos Aires<\/b> y trabaja en adaptar los servicios y estructuras f\u00edsicas para ser m\u00e1s inclusivos y mejorar la calidad de vida de la poblaci\u00f3n cuando esta envejece.<\/p>\n<p>&nbsp;<\/p>\n<p align=\"justify\">Es por esto que es necesario abandonar ese metro patr\u00f3n con el que se dise\u00f1aron las ciudades y empezar a incluir a los otros grupos etarios de una poblaci\u00f3n, escuchar sus demandas, tenerlos en cuenta en la toma de decisiones y en la planificaci\u00f3n. Despu\u00e9s de todo, <b>una ciudad que amigable con las personas mayores, tambi\u00e9n lo ser\u00e1 con el resto de las personas<\/b>.<\/p>\n<p>&nbsp;<\/p>\n<p align=\"justify\">Mientras tanto, todas las personas tenemos un rol importante en la construcci\u00f3n de la ciudad y por eso te invito a que recorras las calles de tu comunidad teniendo en cuenta estas cuestiones y que est\u00e9s atento o atenta a si alguien necesita de tu asistencia, porque como ya sabes bien, <b>no todas las personas accedemos de la misma manera a la ciudad.<\/b><\/p>\n<p>&nbsp;<\/p>\n<p align=\"justify\">Nos volvemos a leer en dos semanas.<\/p>\n<p>&nbsp;<\/p>\n","protected":false},"excerpt":{"rendered":"<p>Ciudades para autom\u00f3viles, ciudadanos que se adaptan. Dise\u00f1os inclusivos, ciudades\u00a0 del futuro, ideas que fomenten la integraci\u00f3n real.<\/p>\n","protected":false},"author":5,"featured_media":60890,"comment_status":"closed","ping_status":"closed","sticky":false,"template":"","format":"standard","meta":{"_jetpack_memberships_contains_paid_content":false,"footnotes":""},"categories":[5,1],"tags":[],"class_list":["post-60889","post","type-post","status-publish","format-standard","has-post-thumbnail","hentry","category-informacion-general","category-portada"],"jetpack_featured_media_url":"https:\/\/i0.wp.com\/cdnoticias.com\/wp-content\/uploads\/2022\/07\/Portada.jpg?fit=750%2C500&ssl=1","jetpack_sharing_enabled":true,"_links":{"self":[{"href":"https:\/\/cdnoticias.com\/index.php\/wp-json\/wp\/v2\/posts\/60889","targetHints":{"allow":["GET"]}}],"collection":[{"href":"https:\/\/cdnoticias.com\/index.php\/wp-json\/wp\/v2\/posts"}],"about":[{"href":"https:\/\/cdnoticias.com\/index.php\/wp-json\/wp\/v2\/types\/post"}],"author":[{"embeddable":true,"href":"https:\/\/cdnoticias.com\/index.php\/wp-json\/wp\/v2\/users\/5"}],"replies":[{"embeddable":true,"href":"https:\/\/cdnoticias.com\/index.php\/wp-json\/wp\/v2\/comments?post=60889"}],"version-history":[{"count":0,"href":"https:\/\/cdnoticias.com\/index.php\/wp-json\/wp\/v2\/posts\/60889\/revisions"}],"wp:featuredmedia":[{"embeddable":true,"href":"https:\/\/cdnoticias.com\/index.php\/wp-json\/wp\/v2\/media\/60890"}],"wp:attachment":[{"href":"https:\/\/cdnoticias.com\/index.php\/wp-json\/wp\/v2\/media?parent=60889"}],"wp:term":[{"taxonomy":"category","embeddable":true,"href":"https:\/\/cdnoticias.com\/index.php\/wp-json\/wp\/v2\/categories?post=60889"},{"taxonomy":"post_tag","embeddable":true,"href":"https:\/\/cdnoticias.com\/index.php\/wp-json\/wp\/v2\/tags?post=60889"}],"curies":[{"name":"wp","href":"https:\/\/api.w.org\/{rel}","templated":true}]}}