{"id":60887,"date":"2022-07-24T19:45:28","date_gmt":"2022-07-24T22:45:28","guid":{"rendered":"https:\/\/www.centraldenoticias.com.ar\/?p=60887"},"modified":"2022-07-24T19:45:28","modified_gmt":"2022-07-24T22:45:28","slug":"la-contencion-social-en-tiempos-de-crisis-el-rol-de-los-intendentes-y-la-puja-sindical","status":"publish","type":"post","link":"https:\/\/cdnoticias.com\/index.php\/2022\/07\/24\/la-contencion-social-en-tiempos-de-crisis-el-rol-de-los-intendentes-y-la-puja-sindical\/","title":{"rendered":"La contenci\u00f3n social en tiempos de crisis, el rol de los Intendentes y la puja sindical"},"content":{"rendered":"<p dir=\"ltr\">La crisis complejiz\u00f3 la situaci\u00f3n social en Olavarr\u00eda. Las reuniones de los Intendentes con el gobernador y la puja de Juntos. \u00bfDe la nada a dos CGT? Las diferencias sindicales y la utop\u00eda de unificar. <!--more--><\/p>\n<hr \/>\n<p dir=\"ltr\"><em>(Este es un resumen del newsletter Volver a las Fuentes, realizado por<strong>\u00a0Josefina Bargas y Alexis Grierson<\/strong>.\u00a0<a href=\"https:\/\/mailchi.mp\/22de2e761c7f\/la-contencin-de-la-crisis-el-rol-de-los-intendentes-y-el-rearmado-sindical\" target=\"_blank\" rel=\"noopener\">La versi\u00f3n completa la pueden leer ac\u00e1<\/a>).\u00a0<\/em><\/p>\n<p dir=\"ltr\"><u><strong>Los intendentes al poder, cap\u00edtulo mil<\/strong><\/u><\/p>\n<div><\/div>\n<div><img data-recalc-dims=\"1\" loading=\"lazy\" decoding=\"async\" class=\"aligncenter size-full wp-image-60703\" src=\"https:\/\/i0.wp.com\/cdnoticias.com\/wp-content\/uploads\/2022\/07\/FYOHStTXgAUdTTB.jpg?resize=800%2C800&#038;ssl=1\" alt=\"\" width=\"800\" height=\"800\" srcset=\"https:\/\/i0.wp.com\/cdnoticias.com\/wp-content\/uploads\/2022\/07\/FYOHStTXgAUdTTB.jpg?w=998&amp;ssl=1 998w, https:\/\/i0.wp.com\/cdnoticias.com\/wp-content\/uploads\/2022\/07\/FYOHStTXgAUdTTB.jpg?resize=300%2C300&amp;ssl=1 300w, https:\/\/i0.wp.com\/cdnoticias.com\/wp-content\/uploads\/2022\/07\/FYOHStTXgAUdTTB.jpg?resize=150%2C150&amp;ssl=1 150w, https:\/\/i0.wp.com\/cdnoticias.com\/wp-content\/uploads\/2022\/07\/FYOHStTXgAUdTTB.jpg?resize=768%2C768&amp;ssl=1 768w\" sizes=\"auto, (max-width: 800px) 100vw, 800px\" \/><\/div>\n<div><\/div>\n<p dir=\"ltr\"><strong>Fue una semana clave para los municipios.\u00a0<\/strong>No s\u00f3lo por el tenor del reclamo que le presentaron al gobernador Kicillof, sino por el rol que ocupan y ocupar\u00e1n en lo que muchos afirman ser\u00e1n \u201ctiempos oscuros\u201d: son el nexo casi directo con un territorio golpeado por la crisis.<\/p>\n<div><\/div>\n<p dir=\"ltr\">Dos reuniones, pedidos casi calcados, la interna bonaerense de Juntos al rojo vivo.\u00a0<strong>Axel Kicillof ofici\u00f3 de \u00e1rbitro entre los intendentes radicales y los intendentes Pro<\/strong>\u00a0(aqu\u00ed Ezequiel Galli, aunque no form\u00f3 parte de la reuni\u00f3n del gobernador) que iban a pedir modificaciones y actualizaciones de fondos claves para obras, como el Fondo de Infraestructura Municipal (FIM) o la deuda con IOMA.<\/p>\n<div><\/div>\n<p dir=\"ltr\">Curiosamente,\u00a0<strong>fueron dos reuniones con dos resultados totalmente distintos.<\/strong>\u00a0Mientras que los jefes comunales radicales valoraron el encuentro y en l\u00edneas generales se dio una reuni\u00f3n en buenos t\u00e9rminos e incluso esperanzados de obtener respuestas positivas al pedido, los intendentes Pro vivieron situaciones tensas, hubo reproches mutuos, amagaron a irse en varias oportunidades y acusaciones cruzadas sobre lo que sucedi\u00f3 en la gesti\u00f3n Vidal y lo que sucede en la actualidad. Qued\u00f3 casi todo peor.<\/p>\n<div><\/div>\n<p dir=\"ltr\"><strong>Y no dej\u00f3 un panorama esperanzador en torno a posibles soluciones<\/strong>: \u00bfhabr\u00e1 ajustes por inflaci\u00f3n del FIM? \u00bfHabr\u00e1 subas en las partidas del SAE? Por un lado entienden que s\u00ed, pero la sensaci\u00f3n de la reuni\u00f3n con los intendentes Pro dej\u00f3 dudas.\u00a0<strong><em>\u201cPreferible tomarse de la reuni\u00f3n con los radicales, que fue en excelentes t\u00e9rminos\u201d<\/em><\/strong>\u00a0destacaron a este newsletter. \u00bfEl \u00e1rbitro Kicillof jug\u00f3 su partido?<\/p>\n<p dir=\"ltr\">\n<blockquote class=\"twitter-tweet\">\n<p dir=\"ltr\" lang=\"es\">En estas horas, algunos dirigentes de la oposici\u00f3n salieron a rechazar una supuesta propuesta que seg\u00fan los medios yo les habr\u00eda hecho. Aclaro: nuestro \u00fanico pacto es con el pueblo. <a href=\"https:\/\/t.co\/PUY4ForcHJ\">pic.twitter.com\/PUY4ForcHJ<\/a><\/p>\n<p>\u2014 Axel Kicillof (@Kicillofok) <a href=\"https:\/\/twitter.com\/Kicillofok\/status\/1550200840329248778?ref_src=twsrc%5Etfw\">July 21, 2022<\/a><\/p><\/blockquote>\n<p><script async src=\"https:\/\/platform.twitter.com\/widgets.js\" charset=\"utf-8\"><\/script><\/p>\n<p dir=\"ltr\">No olvidar, finalmente, que\u00a0<strong>el Pro tambi\u00e9n juega desde la Legislatura<\/strong>: la diputada Julieta Quintero, hija del olavarriense Jos\u00e9 Quintero y dirigente de confianza de Julio Garro (La Plata)\u00a0<a href=\"https:\/\/infocielo.com\/oposicion\/la-oposicion-pide-aumentar-el-presupuesto-alimentario-escolar-n742184\" target=\"_blank\" rel=\"noopener\">present\u00f3 una propuesta que busca aumentar el SAE directamente desde el presupuesto.\u00a0<\/a><\/p>\n<p dir=\"ltr\">\n<p dir=\"ltr\">Si a eso le sumamos<strong>\u00a0la reuni\u00f3n que tuvieron intendentes del Frente de Todos con Silvina Batakis (Ministra de Econom\u00eda)<\/strong>\u00a0y el futuro encuentro que tendr\u00e1 el propio Kicillof con jefes comunales del oficialismo bonaerense, pareciera a la distancia que\u00a0<strong>se prepara una \u201cred\u201d de contenci\u00f3n donde los primeros en sufrir el impacto ser\u00e1n los jefes comunales.<\/strong>\u00a0Sin distinguir color pol\u00edtico, claro.<\/p>\n<div><\/div>\n<p dir=\"ltr\"><u><strong>La situaci\u00f3n social de Olavarr\u00eda<\/strong><\/u><\/p>\n<p dir=\"ltr\">\n<p dir=\"ltr\"><img data-recalc-dims=\"1\" loading=\"lazy\" decoding=\"async\" class=\"aligncenter size-full wp-image-50371\" src=\"https:\/\/i0.wp.com\/cdnoticias.com\/wp-content\/uploads\/2022\/03\/Palacio-Municipal-San-Martin-drone-Olavarria-Municipalidad-centro-comercio.jpg?resize=800%2C445&#038;ssl=1\" alt=\"\" width=\"800\" height=\"445\" srcset=\"https:\/\/i0.wp.com\/cdnoticias.com\/wp-content\/uploads\/2022\/03\/Palacio-Municipal-San-Martin-drone-Olavarria-Municipalidad-centro-comercio.jpg?w=800&amp;ssl=1 800w, https:\/\/i0.wp.com\/cdnoticias.com\/wp-content\/uploads\/2022\/03\/Palacio-Municipal-San-Martin-drone-Olavarria-Municipalidad-centro-comercio.jpg?resize=300%2C167&amp;ssl=1 300w, https:\/\/i0.wp.com\/cdnoticias.com\/wp-content\/uploads\/2022\/03\/Palacio-Municipal-San-Martin-drone-Olavarria-Municipalidad-centro-comercio.jpg?resize=768%2C427&amp;ssl=1 768w\" sizes=\"auto, (max-width: 800px) 100vw, 800px\" \/><\/p>\n<div><\/div>\n<p dir=\"ltr\">\u00bfPor qu\u00e9 los Municipios ser\u00e1n claves en los tiempos sombr\u00edos que se vienen? Vamos a arrancar desde un dato:\u00a0<strong>Iglesias evang\u00e9licas e instituciones como C\u00e1ritas y Red Solidaria est\u00e1n \u201cconteniendo\u201d alrededor de mil familias en la ciudad, ya sea con comida, abrigo o alg\u00fan sustento.\u00a0<\/strong><\/p>\n<div><\/div>\n<p dir=\"ltr\">Es una base grande. Y compleja. Si bien hay contenci\u00f3n desde el Municipio y el Frente de Todos v\u00eda la Provincia y la Naci\u00f3n,<strong>\u00a0la complejidad hace que la situaci\u00f3n pueda escaparse de las manos. Aunque siga contenida.<\/strong><\/p>\n<div><\/div>\n<p dir=\"ltr\">Hace unos meses desde este mismo newsletter se\u00f1al\u00e1bamos que la situaci\u00f3n se hab\u00eda complejizado pero no tanto como para decir \u201chay hambre\u201d.\u00a0<strong>Referentes barriales dejaban en claro que la comida era menor a otros tiempos, pero que\u00a0<em>\u201cpermite que los ni\u00f1os, ni\u00f1as y un poco m\u00e1s grandes se puedan alimentar\u201d.<\/em><\/strong><\/p>\n<div><\/div>\n<p dir=\"ltr\">En una nueva pasada se consult\u00f3 acerca de c\u00f3mo se viven estos d\u00edas y, efectivamente, la situaci\u00f3n es m\u00e1s compleja.\u00a0<em>\u201cMir\u00e1\u2026ya empezamos a rechazar familias, no te voy a mentir. Estamos a tope, se corre la bola de que tratamos de dar alimento m\u00e1s nutritivo y se vienen, algunos se cruzan la ciudad. Los comedores est\u00e1n a full, tratamos de tener prioridad en la gente de nuestro barrio y en los m\u00e1s chicos, pero tratamos de todos los d\u00edas pedirle refuerzos al Municipio o a quien sea porque no alcanza\u201d.<\/em><\/p>\n<p dir=\"ltr\">\n<p dir=\"ltr\"><strong><em>\u201cEs doloroso pero tambi\u00e9n lo tengo que decir, pareciera que nada alcanza. Da un poco de bronca tener que estar llamando al Municipio, pero bueno, lo tenemos que hacer, es por el bien de la gente\u201d.\u00a0<\/em><\/strong>El mensaje es dur\u00edsimo.<\/p>\n<div><\/div>\n<p dir=\"ltr\">Oficialmente,<strong>\u00a0el Municipio reparte poco m\u00e1s de 3.500 tarjetas para que vecinos que necesiten puedan comprar alimentos.\u00a0<\/strong>Con la particularidad, claro, de que la suma de dinero se fue licuando -y mucho- con la inflaci\u00f3n. De todas maneras, del importante universo de beneficiarios, solo 50\u00a0<em>\u201cpidieron refuerzo de alimentos por su delicada situaci\u00f3n\u201d\u00a0<\/em>indicaron desde la comuna a este newsletter.<\/p>\n<div><\/div>\n<p dir=\"ltr\">Tambi\u00e9n es cierto que de las\u00a0<strong>3.500 probablemente haya muchas personas que coincidan no s\u00f3lo en los comedores sociales de los barrios, sino los ni\u00f1os, ni\u00f1as y adolescentes en el SAE, y que tambi\u00e9n perciben otro tipo de ingresos.<\/strong><\/p>\n<div><\/div>\n<p dir=\"ltr\">Sin ir m\u00e1s lejos, durante esta semana<strong>\u00a0el MTE insisti\u00f3 -ahora con corte de ruta 226- en implementar el Salario B\u00e1sico Universal para que todos los vecinos y vecinas cuenten con un ingreso fijo\u00a0para poder vivir.\u00a0<\/strong><\/p>\n<p dir=\"ltr\">\n<p dir=\"ltr\"><img data-recalc-dims=\"1\" loading=\"lazy\" decoding=\"async\" class=\"aligncenter size-full wp-image-60589\" src=\"https:\/\/i0.wp.com\/cdnoticias.com\/wp-content\/uploads\/2022\/07\/salariobasicouniversal-mte02.jpg?resize=800%2C480&#038;ssl=1\" alt=\"\" width=\"800\" height=\"480\" srcset=\"https:\/\/i0.wp.com\/cdnoticias.com\/wp-content\/uploads\/2022\/07\/salariobasicouniversal-mte02.jpg?w=1600&amp;ssl=1 1600w, https:\/\/i0.wp.com\/cdnoticias.com\/wp-content\/uploads\/2022\/07\/salariobasicouniversal-mte02.jpg?resize=300%2C180&amp;ssl=1 300w, https:\/\/i0.wp.com\/cdnoticias.com\/wp-content\/uploads\/2022\/07\/salariobasicouniversal-mte02.jpg?resize=1024%2C614&amp;ssl=1 1024w, https:\/\/i0.wp.com\/cdnoticias.com\/wp-content\/uploads\/2022\/07\/salariobasicouniversal-mte02.jpg?resize=768%2C461&amp;ssl=1 768w, https:\/\/i0.wp.com\/cdnoticias.com\/wp-content\/uploads\/2022\/07\/salariobasicouniversal-mte02.jpg?resize=1536%2C922&amp;ssl=1 1536w\" sizes=\"auto, (max-width: 800px) 100vw, 800px\" \/><\/p>\n<div><\/div>\n<p dir=\"ltr\">Se acopl\u00f3, de hecho, a una jornada de asambleas en todo el pa\u00eds, y donde el mismo Juan Grabois (al borde del repudio, pero tambi\u00e9n de la desesperaci\u00f3n) dijo que<em>\u00a0&#8220;es f\u00e1cil Alberto, es muy sencillo el reclamo. Si no, para qu\u00e9 te pusimos ah\u00ed. Te pusimos ah\u00ed para que haya menos pobreza, no para que haya m\u00e1s. Si no te gusta el salario universal invent\u00e1 otra cosa. No digas que hay que calmar a los mercados, ven\u00ed y calmamos a nosotros&#8221;<\/em>\u00a0al mismo tiempo que avizor\u00f3 que\u00a0<em>&#8220;algunos gauchos ac\u00e1 estamos dispuestos a dejar nuestra sangre en la calle para que no siga habiendo hambre en la Argentina&#8221;.<\/em><\/p>\n<div><\/div>\n<p dir=\"ltr\"><u><strong>Galli y su rosca dentro del Pro<\/strong><\/u><\/p>\n<p dir=\"ltr\">\n<p dir=\"ltr\"><img data-recalc-dims=\"1\" loading=\"lazy\" decoding=\"async\" class=\"aligncenter size-full wp-image-60688\" src=\"https:\/\/i0.wp.com\/cdnoticias.com\/wp-content\/uploads\/2022\/07\/galli-santilli.jpg?resize=800%2C469&#038;ssl=1\" alt=\"\" width=\"800\" height=\"469\" srcset=\"https:\/\/i0.wp.com\/cdnoticias.com\/wp-content\/uploads\/2022\/07\/galli-santilli.jpg?w=1116&amp;ssl=1 1116w, https:\/\/i0.wp.com\/cdnoticias.com\/wp-content\/uploads\/2022\/07\/galli-santilli.jpg?resize=300%2C176&amp;ssl=1 300w, https:\/\/i0.wp.com\/cdnoticias.com\/wp-content\/uploads\/2022\/07\/galli-santilli.jpg?resize=1024%2C600&amp;ssl=1 1024w, https:\/\/i0.wp.com\/cdnoticias.com\/wp-content\/uploads\/2022\/07\/galli-santilli.jpg?resize=768%2C450&amp;ssl=1 768w\" sizes=\"auto, (max-width: 800px) 100vw, 800px\" \/><\/p>\n<div><\/div>\n<p dir=\"ltr\">El Intendente, luego de manifestar abiertamente (otra vez) sus intenciones de que Horacio Rodr\u00edguez Larreta sea presidente en 2023 y Diego Santilli el pr\u00f3ximo gobernador de la Provincia,<strong>\u00a0se mueve en ese sentido y tras el d\u00eda movido de los mandatarios de distritos bonaerenses con el gobernador Kicillof, hubo una reuni\u00f3n, una foto, una recorrida y toda una muestra de acompa\u00f1amiento.<\/strong><\/p>\n<div><\/div>\n<p dir=\"ltr\">Es que si bien no se vieron las caras con el gobernador, los \u201cintendentes del interior\u201d comieron junto al diputado nacional \u00bfy candidato a suceder a Kicillof? Diego Santilli. La comida se realiz\u00f3 en el predio de La Rural, y permiti\u00f3 tambi\u00e9n una recorrida por la muestra,\u00a0<strong>con pasada por stands de Olavarr\u00eda incluida.<\/strong><\/p>\n<div><\/div>\n<p dir=\"ltr\">De los presentes, el \u00fanico que repiti\u00f3 reuni\u00f3n durante ese d\u00eda fue Pablo Petrecca, de Jun\u00edn. \u00bfEl dato?\u00a0<strong>La estrategia pareci\u00f3 la de mostrar a Santilli con intendentes del interior para debatir lo que se viene en la regi\u00f3n.<\/strong>\u00a0Junto a Galli y Petrecca (Jun\u00edn), estuvieron Javier Mart\u00ednez (Pergamino) y Mariano Barroso (9 de Julio).<\/p>\n<div><\/div>\n<p dir=\"ltr\"><u><strong>\u00bfUna CGT?<\/strong><\/u><\/p>\n<p dir=\"ltr\">\n<p dir=\"ltr\"><img data-recalc-dims=\"1\" loading=\"lazy\" decoding=\"async\" class=\"aligncenter size-full wp-image-60340\" src=\"https:\/\/i0.wp.com\/cdnoticias.com\/wp-content\/uploads\/2022\/07\/frente-sindical-a-la-CGT.jpg?resize=800%2C445&#038;ssl=1\" alt=\"\" width=\"800\" height=\"445\" srcset=\"https:\/\/i0.wp.com\/cdnoticias.com\/wp-content\/uploads\/2022\/07\/frente-sindical-a-la-CGT.jpg?w=800&amp;ssl=1 800w, https:\/\/i0.wp.com\/cdnoticias.com\/wp-content\/uploads\/2022\/07\/frente-sindical-a-la-CGT.jpg?resize=300%2C167&amp;ssl=1 300w, https:\/\/i0.wp.com\/cdnoticias.com\/wp-content\/uploads\/2022\/07\/frente-sindical-a-la-CGT.jpg?resize=768%2C427&amp;ssl=1 768w\" sizes=\"auto, (max-width: 800px) 100vw, 800px\" \/><\/p>\n<div><\/div>\n<p dir=\"ltr\">La semana pasada hablamos de la intenci\u00f3n del\u00a0<strong>Frente Sindical y Gremial de Olavarr\u00eda de volver a constituir la CGT local.<\/strong>\u00a0Resulta que aproximadamente desde 2014 o 2015 que la Confederaci\u00f3n qued\u00f3 desarmada. En ese entonces Carmelo Prestipino era su referente.<\/p>\n<div><\/div>\n<p dir=\"ltr\"><strong>El escenario fue de \u201cadormecimiento\u201d digamosl\u00e9.<\/strong>\u00a0No hubo posibilidad de reconstrucci\u00f3n y fue quedando en el olvido. Las diferencias pol\u00edticas entre los sindicatos imped\u00edan cualquier acuerdo general. Lo mismo pas\u00f3 en la regi\u00f3n. Pero\u00a0<strong>hace aproximadamente un mes que hay movimientos tendientes a los rearmados. En Olavarr\u00eda y en la regi\u00f3n.\u00a0<\/strong><\/p>\n<div><\/div>\n<p dir=\"ltr\"><strong>La situaci\u00f3n viene de la mano del panorama nacional, econ\u00f3mico y pol\u00edtico.<\/strong>\u00a0La p\u00e9rdida de poder adquisitivo de los trabajadores ya era un problema antes de la pandemia, se complic\u00f3 con la pandemia y el rumbo econ\u00f3mico del pa\u00eds lo ha profundizado a toda carrera. Eso con la crisis pol\u00edtica que atraviesa el Frente de Todos como marco. En ese contexto,<strong>\u00a0la CGT nacional se despert\u00f3 hace algunos d\u00edas y anunci\u00f3 movilizaci\u00f3n para el 17 de agosto en Capital<\/strong>. No es un cuestionamiento directo al Gobierno, as\u00ed se han encargado de aclararlo, pero a buen entendedor pocas marchas de gremios. Van a protestar contra \u201clos formadores de precios\u201d.<\/p>\n<div><\/div>\n<p dir=\"ltr\">A todo esto,<strong>\u00a0hace alrededor de un mes ya se encamin\u00f3 la \u201cnormalizaci\u00f3n\u201d de la CGT Azul.\u00a0<\/strong>Desde 2010 se hab\u00eda desactivado y ahora volvi\u00f3 con el acuerdo de casi 30 sindicatos y el apoyo para Carina Brunetto del Sindicato de Farmacia.<a href=\"https:\/\/enlineanoticias.com.ar\/la-cgt-regional-azul-sera-conducida-por-una-mujer-carina-brunetto-al-frente-del-consejo-directivo\/\" target=\"_blank\" rel=\"noopener\">\u00a0Primera vez que la CGT Azul tiene a una mujer al frente.<\/a><\/p>\n<div><\/div>\n<p dir=\"ltr\">La semana pasada hablamos del empuje del Frente Sindical y Gremial con Jos\u00e9 Stuppia como uno de los referentes principales.\u00a0<a href=\"https:\/\/cdnoticias.com\/index.php\/2022\/07\/17\/desde-el-frente-sindical-impulsan-la-integracion-de-la-cgt-local\/\" target=\"_blank\" rel=\"noopener\">Hubo reuni\u00f3n para plantear el tema y se organiz\u00f3 la segunda reuni\u00f3n para el viernes pasado.<\/a>\u00a0La intenci\u00f3n es aunar a la mayor cantidad de agrupaciones posibles y sumar consensos.\u00a0<strong>En lo discursivo se habla de \u201cla unidad del movimiento obrero de Olavarr\u00eda\u201d, pero las diferencias persisten. En breve vamos para ah\u00ed.<\/strong><\/p>\n<div><\/div>\n<p dir=\"ltr\">\u00bfPor qu\u00e9 ahora la CGT Olavarr\u00eda?<strong><em>\u00a0\u201cPor si ganan los amarillos\u201d<\/em><\/strong>\u00a0fue la respuesta. Desde este sector eligen prepararse para un escenario no solo de derrota electoral peronista en 2023 a nivel nacional, sino de victoria de Pro\/Juntos.\u00a0<strong>Entienden que en ese futuro, los derechos laborales van a estar en riesgo.<\/strong><\/p>\n<div><\/div>\n<p dir=\"ltr\">\u00bfPara qu\u00e9 una CGT local?<strong><em>\u00a0\u201cPara defender todas las cuestiones gremiales y laborales\u201d<\/em><\/strong>. La intenci\u00f3n es dejar afuera las \u201cdiferencias pol\u00edticas\u201d. Pero claro, quien habl\u00f3 con VAF no se refiere a cualquier referencia partidaria. Apunta directo a La C\u00e1mpora: no quieren saber nada con la dirigencia local de esa agrupaci\u00f3n.<\/p>\n<div><\/div>\n<p dir=\"ltr\"><em>\u201cLa \u00fanica manera de llegar a la unidad es sacar la pol\u00edtica de encima. Pero si vos est\u00e1s con la pol\u00edtica qu\u00e9 dec\u00eds: \u00b4yo me manejo con Valicenti y con Aguilera\u00b4, que son los m\u00e1s interesados en normalizar la CGT, estamos perdidos\u201d<\/em>\u00a0dijo\u00a0<strong>Miguel Arena (UPSRA)<\/strong>\u00a0-ex titular de la CGT Olavarr\u00eda- en una entrevista en El Popular el viernes.\u00a0<em>\u201cMientras no salgamos de la pol\u00edtica, somos carne de ca\u00f1\u00f3n\u201d<\/em>\u00a0agreg\u00f3. Cont\u00f3 que le ofrecieron volver a ser titular de la CGT local, pero rechaz\u00f3 la propuesta para que\u00a0<em>\u201cagarre otro\u201d\u00a0<\/em>porque \u00e9l ya ocup\u00f3 ese puesto.<\/p>\n<div><\/div>\n<p dir=\"ltr\"><strong>El mi\u00e9rcoles hubo una manifestaci\u00f3n frente a las puertas de El Popular.\u00a0<\/strong>Los trabajadores reclaman (parte de VAF \u201creclamamos\u201d) que se paguen en tiempo y forma los sueldos y que se pague el aguinaldo.<a href=\"https:\/\/cdnoticias.com\/index.php\/2022\/07\/19\/importante-protesta-de-sindicatos-en-las-puertas-de-el-popular-medios\" target=\"_blank\" rel=\"noopener\">\u00a0En esta ocasi\u00f3n, la convocatoria fue impulsada por la Asociaci\u00f3n de Periodistas &#8211; Fatpren y se logr\u00f3 el apoyo de muchos otros gremios de la ciudad.<\/a>\u00a0As\u00ed estuvieron los principales referentes del Frente Sindical, pero tambi\u00e9n de La Casa del Trabajador. La otra pata de esta historia. En plena manifestaci\u00f3n sobre calle Vicente L\u00f3pez hubo mucha charla. Alg\u00fan que otro dirigente muy experimentado intent\u00f3 mediar entre ambos sectores. Por ahora no parece haber tenido resultado.\u00a0<strong>Pero es cierto que este camino reci\u00e9n empieza<\/strong>.<\/p>\n<div><\/div>\n<p dir=\"ltr\"><u><strong>\u00bfDos CGT?<\/strong><\/u><\/p>\n<p dir=\"ltr\">\n<p dir=\"ltr\"><img data-recalc-dims=\"1\" loading=\"lazy\" decoding=\"async\" class=\"aligncenter size-full wp-image-60761\" src=\"https:\/\/i0.wp.com\/cdnoticias.com\/wp-content\/uploads\/2022\/07\/la-casa-del-trabajador-00.jpg?resize=800%2C445&#038;ssl=1\" alt=\"\" width=\"800\" height=\"445\" srcset=\"https:\/\/i0.wp.com\/cdnoticias.com\/wp-content\/uploads\/2022\/07\/la-casa-del-trabajador-00.jpg?w=800&amp;ssl=1 800w, https:\/\/i0.wp.com\/cdnoticias.com\/wp-content\/uploads\/2022\/07\/la-casa-del-trabajador-00.jpg?resize=300%2C167&amp;ssl=1 300w, https:\/\/i0.wp.com\/cdnoticias.com\/wp-content\/uploads\/2022\/07\/la-casa-del-trabajador-00.jpg?resize=768%2C427&amp;ssl=1 768w\" sizes=\"auto, (max-width: 800px) 100vw, 800px\" \/><\/p>\n<div><\/div>\n<p dir=\"ltr\">Con fecha del jueves se public\u00f3 la convocatoria:\u00a0<a href=\"https:\/\/cdnoticias.com\/index.php\/2022\/07\/23\/la-casa-del-trabajador-tambien-convoco-a-conformar-la-cgt\/\" target=\"_blank\" rel=\"noopener\">La Casa del Trabajador llam\u00f3 a entidades \u201csindicales confederadas\u201d a \u201canalizar y definir los tr\u00e1mites y tiempos estatutarios para la normalizaci\u00f3n de la CGT Regional Olavarr\u00eda\u201d.<\/a><\/p>\n<div><\/div>\n<p dir=\"ltr\">La reuni\u00f3n va a ser el lunes a la tarde en la Sociedad de Fomento Mariano Moreno.<\/p>\n<div><\/div>\n<p dir=\"ltr\">En la misma nota de El Popular,\u00a0<strong>Miguel Santellan (CECO) adelant\u00f3 que va a asistir. Se defini\u00f3 como \u201coptimista\u201d aunque puso reparos y condiciones para el armado.<\/strong>\u00a0Con discursos opuestos Alejandro Santillan (AOMA) plante\u00f3 como \u201cmuy dif\u00edcil\u201d lograr el armado y admiti\u00f3 que\u00a0<em>\u201chay mucha divisi\u00f3n y bueno, no hemos madurado mucho\u201d<\/em>; mientras que<strong>\u00a0Claudio Molina (SMATA) consider\u00f3 que \u201cestamos muy cerca, lo veo muy posible\u201d al armado de la CGT.<\/strong><\/p>\n<div><\/div>\n<p dir=\"ltr\">El escenario est\u00e1 abierto.<strong>\u00a0Lo que pase ma\u00f1ana tal vez no sea definitorio, pero s\u00ed marcar\u00e1 un umbral.<\/strong><\/p>\n<div><\/div>\n<p dir=\"ltr\">As\u00ed como la dirigencia pol\u00edtica y social plantea un futuro de dificultades crecientes, la dirigencia sindical se\u00f1ala para el mismo lado.\u00a0<strong>Todo empeora, solemos decir por ac\u00e1.<\/strong><\/p>\n<p dir=\"ltr\">\n<p><strong>* Un extracto<\/strong><\/p>\n<p>&nbsp;<\/p>\n<p>Esta publicaci\u00f3n es parte de la edici\u00f3n de este domingo del\u00a0<strong>newsletter Volver a las Fuentes<\/strong>\u00a0que escriben\u00a0<strong>Alexis Grierson y Josefina Bargas<\/strong>.\u00a0<a href=\"https:\/\/mailchi.mp\/22de2e761c7f\/la-contencin-de-la-crisis-el-rol-de-los-intendentes-y-el-rearmado-sindical\" target=\"_blank\" rel=\"noopener\">La edici\u00f3n completa est\u00e1 disponible aqu\u00ed<\/a> y se suscribir de forma gratuita para recibirlo por mail\u00a0<a href=\"https:\/\/gmail.us17.list-manage.com\/subscribe?u=cba2a41506a8e26d100c3f0f8&amp;id=63ce583cd9\" target=\"_blank\" rel=\"noopener\">dejando sus datos en este formulario<\/a>.<\/p>\n","protected":false},"excerpt":{"rendered":"<p>La crisis complejiz\u00f3 la situaci\u00f3n social en Olavarr\u00eda. Las reuniones de los Intendentes con el gobernador y la puja de<\/p>\n","protected":false},"author":5,"featured_media":60688,"comment_status":"closed","ping_status":"closed","sticky":false,"template":"","format":"standard","meta":{"_jetpack_memberships_contains_paid_content":false,"footnotes":""},"categories":[4,1],"tags":[],"class_list":["post-60887","post","type-post","status-publish","format-standard","has-post-thumbnail","hentry","category-politica","category-portada"],"jetpack_featured_media_url":"https:\/\/i0.wp.com\/cdnoticias.com\/wp-content\/uploads\/2022\/07\/galli-santilli.jpg?fit=1116%2C654&ssl=1","jetpack_sharing_enabled":true,"_links":{"self":[{"href":"https:\/\/cdnoticias.com\/index.php\/wp-json\/wp\/v2\/posts\/60887","targetHints":{"allow":["GET"]}}],"collection":[{"href":"https:\/\/cdnoticias.com\/index.php\/wp-json\/wp\/v2\/posts"}],"about":[{"href":"https:\/\/cdnoticias.com\/index.php\/wp-json\/wp\/v2\/types\/post"}],"author":[{"embeddable":true,"href":"https:\/\/cdnoticias.com\/index.php\/wp-json\/wp\/v2\/users\/5"}],"replies":[{"embeddable":true,"href":"https:\/\/cdnoticias.com\/index.php\/wp-json\/wp\/v2\/comments?post=60887"}],"version-history":[{"count":0,"href":"https:\/\/cdnoticias.com\/index.php\/wp-json\/wp\/v2\/posts\/60887\/revisions"}],"wp:featuredmedia":[{"embeddable":true,"href":"https:\/\/cdnoticias.com\/index.php\/wp-json\/wp\/v2\/media\/60688"}],"wp:attachment":[{"href":"https:\/\/cdnoticias.com\/index.php\/wp-json\/wp\/v2\/media?parent=60887"}],"wp:term":[{"taxonomy":"category","embeddable":true,"href":"https:\/\/cdnoticias.com\/index.php\/wp-json\/wp\/v2\/categories?post=60887"},{"taxonomy":"post_tag","embeddable":true,"href":"https:\/\/cdnoticias.com\/index.php\/wp-json\/wp\/v2\/tags?post=60887"}],"curies":[{"name":"wp","href":"https:\/\/api.w.org\/{rel}","templated":true}]}}