{"id":60858,"date":"2022-07-24T08:23:16","date_gmt":"2022-07-24T11:23:16","guid":{"rendered":"https:\/\/www.centraldenoticias.com.ar\/?p=60858"},"modified":"2022-07-24T08:23:16","modified_gmt":"2022-07-24T11:23:16","slug":"placido-raimundo-artaza-cuyi-q-e-p-d","status":"publish","type":"post","link":"https:\/\/cdnoticias.com\/index.php\/2022\/07\/24\/placido-raimundo-artaza-cuyi-q-e-p-d\/","title":{"rendered":"Pl\u00e1cido Raimundo Artaza \u201cCuyi\u201d (Q.E.P.D.)"},"content":{"rendered":"<p>Falleci\u00f3 en Lan\u00fas el 22 de julio de 2022 a los 75 a\u00f1os de edad. Su esposa Zulema Villegas. Sus hijos Jorge Luis y Graciela Artaza. Su hija pol\u00edtica Anal\u00eda P\u00e9rez. Sus nietos Agust\u00edn, Facundo, Juli\u00e1n y Trinidad. Sus nietos pol\u00edticos Julieta Herrera y Renata Rom\u00e1n. Sus bisnietos Paulino, Francesco, Faustina, Olivia y dem\u00e1s deudos participan de su fallecimiento.<\/p>\n<p>&nbsp;<\/p>\n<p>Sus restos no ser\u00e1n velados y ser\u00e1n cremados en Crematorio Pinos de Paz en d\u00eda y horario a confirmar. Vecino de Sierras Bayas. Nacido en Santiago del Estero. Jubilado Transportista.<\/p>\n","protected":false},"excerpt":{"rendered":"<p>Falleci\u00f3 en Lan\u00fas el 22 de julio de 2022 a los 75 a\u00f1os de edad. Su esposa Zulema Villegas. Sus<\/p>\n","protected":false},"author":5,"featured_media":51544,"comment_status":"closed","ping_status":"closed","sticky":false,"template":"","format":"standard","meta":{"_jetpack_memberships_contains_paid_content":false,"footnotes":""},"categories":[10],"tags":[],"class_list":["post-60858","post","type-post","status-publish","format-standard","has-post-thumbnail","hentry","category-necrologicas"],"jetpack_featured_media_url":"https:\/\/i0.wp.com\/cdnoticias.com\/wp-content\/uploads\/2022\/04\/necrologicas-390-x-240.jpg?fit=390%2C240&ssl=1","jetpack_sharing_enabled":true,"_links":{"self":[{"href":"https:\/\/cdnoticias.com\/index.php\/wp-json\/wp\/v2\/posts\/60858","targetHints":{"allow":["GET"]}}],"collection":[{"href":"https:\/\/cdnoticias.com\/index.php\/wp-json\/wp\/v2\/posts"}],"about":[{"href":"https:\/\/cdnoticias.com\/index.php\/wp-json\/wp\/v2\/types\/post"}],"author":[{"embeddable":true,"href":"https:\/\/cdnoticias.com\/index.php\/wp-json\/wp\/v2\/users\/5"}],"replies":[{"embeddable":true,"href":"https:\/\/cdnoticias.com\/index.php\/wp-json\/wp\/v2\/comments?post=60858"}],"version-history":[{"count":0,"href":"https:\/\/cdnoticias.com\/index.php\/wp-json\/wp\/v2\/posts\/60858\/revisions"}],"wp:featuredmedia":[{"embeddable":true,"href":"https:\/\/cdnoticias.com\/index.php\/wp-json\/wp\/v2\/media\/51544"}],"wp:attachment":[{"href":"https:\/\/cdnoticias.com\/index.php\/wp-json\/wp\/v2\/media?parent=60858"}],"wp:term":[{"taxonomy":"category","embeddable":true,"href":"https:\/\/cdnoticias.com\/index.php\/wp-json\/wp\/v2\/categories?post=60858"},{"taxonomy":"post_tag","embeddable":true,"href":"https:\/\/cdnoticias.com\/index.php\/wp-json\/wp\/v2\/tags?post=60858"}],"curies":[{"name":"wp","href":"https:\/\/api.w.org\/{rel}","templated":true}]}}