{"id":60817,"date":"2022-07-23T08:59:45","date_gmt":"2022-07-23T11:59:45","guid":{"rendered":"https:\/\/www.centraldenoticias.com.ar\/?p=60817"},"modified":"2022-07-23T10:55:21","modified_gmt":"2022-07-23T13:55:21","slug":"luego-de-golpear-y-robar-a-un-hombre-fue-aprehendido-por-la-policia","status":"publish","type":"post","link":"https:\/\/cdnoticias.com\/index.php\/2022\/07\/23\/luego-de-golpear-y-robar-a-un-hombre-fue-aprehendido-por-la-policia\/","title":{"rendered":"Luego de golpear y robar a un hombre, fue aprehendido por la polic\u00eda"},"content":{"rendered":"<p>El hecho se produjo este viernes. Le hab\u00eda sustra\u00eddo un par de zapatillas.<!--more--><\/p>\n<hr \/>\n<p>Este \u00faltimo viernes personal de Comando de Patrullas con colaboraci\u00f3n de personal de Comisar\u00eda Primera <strong>aprehendi\u00f3 a un hombre de 28 a\u00f1os por un violento robo en el barrio San Vicente.<\/strong><\/p>\n<p>&nbsp;<\/p>\n<p>Seg\u00fan se logr\u00f3 saber, el delincuente fue encontrado a unas cuadras del hecho, donde <strong>golpe\u00f3 a un vecino y le rob\u00f3 un par de zapatillas de color negro.<\/strong><\/p>\n<p>&nbsp;<\/p>\n<blockquote><p>Tras ser interceptado, fue trasladado a la sede de Comisar\u00eda Primera donde qued\u00f3 a disposici\u00f3n de la fiscal\u00eda interviniente.<\/p><\/blockquote>\n<p>&nbsp;<\/p>\n<p>La causa est\u00e1 caratulada como<strong><em> \u201cRobo in fraganti delito\u201d<\/em><\/strong> a cargo de la doctora Paula Serrano, de la UFI N\u00b04.<\/p>\n","protected":false},"excerpt":{"rendered":"<p>El hecho se produjo este viernes. Le hab\u00eda sustra\u00eddo un par de zapatillas.<\/p>\n","protected":false},"author":2,"featured_media":60818,"comment_status":"closed","ping_status":"closed","sticky":false,"template":"","format":"standard","meta":{"_jetpack_memberships_contains_paid_content":false,"footnotes":""},"categories":[14,1],"tags":[],"class_list":["post-60817","post","type-post","status-publish","format-standard","has-post-thumbnail","hentry","category-policiales","category-portada"],"jetpack_featured_media_url":"https:\/\/i0.wp.com\/cdnoticias.com\/wp-content\/uploads\/2022\/07\/WhatsApp-Image-2022-07-23-at-8.23.26-AM.jpeg?fit=1600%2C862&ssl=1","jetpack_sharing_enabled":true,"_links":{"self":[{"href":"https:\/\/cdnoticias.com\/index.php\/wp-json\/wp\/v2\/posts\/60817","targetHints":{"allow":["GET"]}}],"collection":[{"href":"https:\/\/cdnoticias.com\/index.php\/wp-json\/wp\/v2\/posts"}],"about":[{"href":"https:\/\/cdnoticias.com\/index.php\/wp-json\/wp\/v2\/types\/post"}],"author":[{"embeddable":true,"href":"https:\/\/cdnoticias.com\/index.php\/wp-json\/wp\/v2\/users\/2"}],"replies":[{"embeddable":true,"href":"https:\/\/cdnoticias.com\/index.php\/wp-json\/wp\/v2\/comments?post=60817"}],"version-history":[{"count":0,"href":"https:\/\/cdnoticias.com\/index.php\/wp-json\/wp\/v2\/posts\/60817\/revisions"}],"wp:featuredmedia":[{"embeddable":true,"href":"https:\/\/cdnoticias.com\/index.php\/wp-json\/wp\/v2\/media\/60818"}],"wp:attachment":[{"href":"https:\/\/cdnoticias.com\/index.php\/wp-json\/wp\/v2\/media?parent=60817"}],"wp:term":[{"taxonomy":"category","embeddable":true,"href":"https:\/\/cdnoticias.com\/index.php\/wp-json\/wp\/v2\/categories?post=60817"},{"taxonomy":"post_tag","embeddable":true,"href":"https:\/\/cdnoticias.com\/index.php\/wp-json\/wp\/v2\/tags?post=60817"}],"curies":[{"name":"wp","href":"https:\/\/api.w.org\/{rel}","templated":true}]}}