{"id":60803,"date":"2022-07-22T19:00:04","date_gmt":"2022-07-22T22:00:04","guid":{"rendered":"https:\/\/www.centraldenoticias.com.ar\/?p=60803"},"modified":"2022-07-22T19:00:04","modified_gmt":"2022-07-22T22:00:04","slug":"al-menos-una-persona-por-dia-rectifica-su-identidad-en-el-dni-con-la-x","status":"publish","type":"post","link":"https:\/\/cdnoticias.com\/index.php\/2022\/07\/22\/al-menos-una-persona-por-dia-rectifica-su-identidad-en-el-dni-con-la-x\/","title":{"rendered":"Al menos una persona por d\u00eda rectifica su identidad en el DNI con la X"},"content":{"rendered":"<div class=\"td_block_wrap tdb_single_subtitle tdi_72 td-pb-border-top td_block_template_1\" data-td-block-uid=\"tdi_72\">\n<div class=\"tdb-block-inner td-fix-index\">\n<p>Desde la entrada en vigencia del decreto hace un a\u00f1o, 528 personas accedieron a una identidad no binaria en el documento.<\/p>\n<\/div>\n<\/div>\n<p><!--more--><\/p>\n<hr \/>\n<div class=\"td_block_wrap tdb_single_date tdi_73 td-pb-border-top td_block_template_1 tdb-post-meta\" data-td-block-uid=\"tdi_73\"><\/div>\n<div data-td-block-uid=\"tdi_73\">\n<p><strong>Al menos una persona por d\u00eda solicita la rectificaci\u00f3n de su DNI con la nomenclatura X,<\/strong> <strong>para identificar su identidad no binaria,<\/strong> a un <strong>a\u00f1o de la implementaci\u00f3n<\/strong> del decreto presidencial que dispuso el acceso a este derecho, inform\u00f3 el Ministerio del Interior.<\/p>\n<p>&nbsp;<\/p>\n<p>El Decreto 476\/2021 dispuso que el <strong>Registro Nacional de las Personas (Renaper) \u201cdeber\u00e1 adaptar las caracter\u00edsticas y nomenclaturas de los DNI y de los Pasaportes<\/strong> que emite, con exclusividad, con el fin de dar cumplimiento a lo establecido en la Ley N.\u00ba 26.743\u201d, en referencia a la<strong> ley de identidad de g\u00e9nero aprobada en la Argentina el 24 de mayo de 2012.<\/strong><\/p>\n<p>&nbsp;<\/p>\n<p>De acuerdo a datos difundidos por Interior en su cuenta oficial de Twitter, desde la entrada en vigencia del decreto,<strong> 528 personas accedieron a la rectificaci\u00f3n de su DNI con la nomenclatura X<\/strong>. Esta cifra <strong>representa el 28,8%<\/strong> del total de cambios registrales realizados en el \u00faltimo a\u00f1o.<\/p>\n<p>&nbsp;<\/p>\n<p>Otro dato aportado por al organismo es que el <strong>55,5% de las personas que accedieron al derecho tienen entre 19 y 29 a\u00f1os. <\/strong>La mayor\u00eda de las rectificaciones se hicieron en provincia de Buenos Aires (43%), Ciudad de Buenos Aires (20,8%), Mendoza (5,1%), Neuqu\u00e9n (4,2%), C\u00f3rdoba (3,8%) y Santa Fe (3,4%).<\/p>\n<p>&nbsp;<\/p>\n<\/div>\n<p>&nbsp;<\/p>\n<blockquote class=\"twitter-tweet\">\n<p dir=\"ltr\" lang=\"es\">\ud83c\udde6\ud83c\uddf7\ud83c\udff3\ufe0f\u200d\ud83c\udf08 Hace un a\u00f1o se aprobaba el Decreto 476\/21, que hizo posible la entrega de los primeros DNI y pasaportes para personas no binarias, un hecho hist\u00f3rico en el reconocimiento del derecho a la identidad de g\u00e9nero en nuestro pa\u00eds y en toda la regi\u00f3n. <a href=\"https:\/\/t.co\/NZ5XwE7FMy\">pic.twitter.com\/NZ5XwE7FMy<\/a><\/p>\n<p>\u2014 Ministerio del Interior (@MinInteriorAR) <a href=\"https:\/\/twitter.com\/MinInteriorAR\/status\/1550172692598366209?ref_src=twsrc%5Etfw\">July 21, 2022<\/a><\/p><\/blockquote>\n<p><script async src=\"https:\/\/platform.twitter.com\/widgets.js\" charset=\"utf-8\"><\/script><\/p>\n<div data-td-block-uid=\"tdi_73\">\n<p>&nbsp;<\/p>\n<p>&nbsp;<\/p>\n<p>En tanto, en la misma red social, el Ministerio de las Mujeres, G\u00e9neros y Diversidad, record\u00f3 que la <strong>nomenclatura X<\/strong> en el campo sexo que debe completarse en el DNI o pasaporte comprende las acepciones: <strong>no binaria, indeterminada, no especificada, indefinida, no informada, autopercibida, no consignada<\/strong>; u otra acepci\u00f3n con la que pudiera identificarse la persona que no se sienta comprendida en el binomio masculino\/femenino.<\/p>\n<p>&nbsp;<\/p>\n<p>Y record\u00f3 c\u00f3mo debe hacerse el tr\u00e1mite para acceder al derecho, para lo cual <strong>es necesario rectificar la partida de nacimiento en el Registro Civil,<\/strong> sacar un turno a trav\u00e9s de mi.argentina.gob.ar, y <strong>concurrir con DNI y partida rectificada. \u201cA los 15 d\u00edas el Correo Argentino env\u00eda el nuevo DNI al domicilio\u201d<\/strong>, inform\u00f3 el Ministerio.<\/p>\n<p>&nbsp;<\/p>\n<p>Ger\u00f3nimo Carolina Gonz\u00e1lez Devesa y Shanik Luci\u00e1n Sosa Battisti fueron quienes<strong> recibieron los primeros DNI con la nomenclatura X en el pa\u00eds. <\/strong>En agosto del a\u00f1o pasado, Cy, de 37 a\u00f1os, se convirti\u00f3 en la <strong>primera persona de nacionalidad argentina en recibir su DNI y pasaporte no binarios en el exterior,<\/strong> ya que reside en Alemania.<\/p>\n<\/div>\n<p>&nbsp;<\/p>\n<p><em>Fuente: DIB\u00a0<\/em><\/p>\n","protected":false},"excerpt":{"rendered":"<p>Desde la entrada en vigencia del decreto hace un a\u00f1o, 528 personas accedieron a una identidad no binaria en el<\/p>\n","protected":false},"author":6,"featured_media":60804,"comment_status":"closed","ping_status":"closed","sticky":false,"template":"","format":"standard","meta":{"_jetpack_memberships_contains_paid_content":false,"footnotes":""},"categories":[3,1],"tags":[],"class_list":["post-60803","post","type-post","status-publish","format-standard","has-post-thumbnail","hentry","category-genero","category-portada"],"jetpack_featured_media_url":"https:\/\/i0.wp.com\/cdnoticias.com\/wp-content\/uploads\/2022\/07\/DNI-no-binario-2.jpg?fit=932%2C519&ssl=1","jetpack_sharing_enabled":true,"_links":{"self":[{"href":"https:\/\/cdnoticias.com\/index.php\/wp-json\/wp\/v2\/posts\/60803","targetHints":{"allow":["GET"]}}],"collection":[{"href":"https:\/\/cdnoticias.com\/index.php\/wp-json\/wp\/v2\/posts"}],"about":[{"href":"https:\/\/cdnoticias.com\/index.php\/wp-json\/wp\/v2\/types\/post"}],"author":[{"embeddable":true,"href":"https:\/\/cdnoticias.com\/index.php\/wp-json\/wp\/v2\/users\/6"}],"replies":[{"embeddable":true,"href":"https:\/\/cdnoticias.com\/index.php\/wp-json\/wp\/v2\/comments?post=60803"}],"version-history":[{"count":0,"href":"https:\/\/cdnoticias.com\/index.php\/wp-json\/wp\/v2\/posts\/60803\/revisions"}],"wp:featuredmedia":[{"embeddable":true,"href":"https:\/\/cdnoticias.com\/index.php\/wp-json\/wp\/v2\/media\/60804"}],"wp:attachment":[{"href":"https:\/\/cdnoticias.com\/index.php\/wp-json\/wp\/v2\/media?parent=60803"}],"wp:term":[{"taxonomy":"category","embeddable":true,"href":"https:\/\/cdnoticias.com\/index.php\/wp-json\/wp\/v2\/categories?post=60803"},{"taxonomy":"post_tag","embeddable":true,"href":"https:\/\/cdnoticias.com\/index.php\/wp-json\/wp\/v2\/tags?post=60803"}],"curies":[{"name":"wp","href":"https:\/\/api.w.org\/{rel}","templated":true}]}}