{"id":60799,"date":"2022-07-22T18:34:10","date_gmt":"2022-07-22T21:34:10","guid":{"rendered":"https:\/\/www.centraldenoticias.com.ar\/?p=60799"},"modified":"2022-07-22T19:45:13","modified_gmt":"2022-07-22T22:45:13","slug":"covid-19-fallecio-un-hombre-de-78-anos","status":"publish","type":"post","link":"https:\/\/cdnoticias.com\/index.php\/2022\/07\/22\/covid-19-fallecio-un-hombre-de-78-anos\/","title":{"rendered":"Covid 19: falleci\u00f3 un hombre de 78 a\u00f1os"},"content":{"rendered":"<p>Se registraron 31 casos positivos en la ciudad. Adem\u00e1s se indic\u00f3 que hay cinco pacientes internados en Cuidados Generales. <!--more--><\/p>\n<hr \/>\n<p>&nbsp;<\/p>\n<p>La Secretar\u00eda de Salud del Municipio emiti\u00f3 el <strong>informe sanitario<\/strong> correspondiente a la semana del 18 al 22 de julio de 2022.<\/p>\n<p>&nbsp;<\/p>\n<p>Del mismo se desprende que el pasado<strong> 15 de julio falleci\u00f3 un paciente de sexo masculino de 78 a\u00f1os<\/strong> que estuvo internado trece d\u00edas en UTI. Ten\u00eda tres vacunas y una de refuerzo.<\/p>\n<p>&nbsp;<\/p>\n<p>Adem\u00e1s, se inform\u00f3 desde la cartera sanitaria que fueron 95 los testeos que se realizaron, de los cuales <strong>31 fueron positivos y 64 negativos para Covid-19.<\/strong><\/p>\n<p>&nbsp;<\/p>\n<p>En la semana, adem\u00e1s, ocho pacientes recibieron el alta m\u00e9dica, por lo que<strong> son 40 las personas que transitan la enfermedad en Olavarr\u00eda.<\/strong> La mayor\u00eda de los pacientes activos tiene menos de 60 a\u00f1os.<\/p>\n<p>&nbsp;<\/p>\n<p>La Secretar\u00eda de Salud indic\u00f3 que la positividad fue de 32,6% y que <strong>hay cinco pacientes internado en Cuidados Generales<\/strong>. No hay internados en el sector de Pediatr\u00eda del Hospital ni en Cuidados Intensivos del Municipal &#8220;Dr. H\u00e9ctor Cura&#8221;.<\/p>\n","protected":false},"excerpt":{"rendered":"<p>Se registraron 31 casos positivos en la ciudad. Adem\u00e1s se indic\u00f3 que hay cinco pacientes internados en Cuidados Generales.<\/p>\n","protected":false},"author":6,"featured_media":50369,"comment_status":"closed","ping_status":"closed","sticky":false,"template":"","format":"standard","meta":{"_jetpack_memberships_contains_paid_content":false,"footnotes":""},"categories":[16,1],"tags":[],"class_list":["post-60799","post","type-post","status-publish","format-standard","has-post-thumbnail","hentry","category-covid-19","category-portada"],"jetpack_featured_media_url":"https:\/\/i0.wp.com\/cdnoticias.com\/wp-content\/uploads\/2022\/03\/Hospital-Municipal-Drone.jpg?fit=800%2C445&ssl=1","jetpack_sharing_enabled":true,"_links":{"self":[{"href":"https:\/\/cdnoticias.com\/index.php\/wp-json\/wp\/v2\/posts\/60799","targetHints":{"allow":["GET"]}}],"collection":[{"href":"https:\/\/cdnoticias.com\/index.php\/wp-json\/wp\/v2\/posts"}],"about":[{"href":"https:\/\/cdnoticias.com\/index.php\/wp-json\/wp\/v2\/types\/post"}],"author":[{"embeddable":true,"href":"https:\/\/cdnoticias.com\/index.php\/wp-json\/wp\/v2\/users\/6"}],"replies":[{"embeddable":true,"href":"https:\/\/cdnoticias.com\/index.php\/wp-json\/wp\/v2\/comments?post=60799"}],"version-history":[{"count":0,"href":"https:\/\/cdnoticias.com\/index.php\/wp-json\/wp\/v2\/posts\/60799\/revisions"}],"wp:featuredmedia":[{"embeddable":true,"href":"https:\/\/cdnoticias.com\/index.php\/wp-json\/wp\/v2\/media\/50369"}],"wp:attachment":[{"href":"https:\/\/cdnoticias.com\/index.php\/wp-json\/wp\/v2\/media?parent=60799"}],"wp:term":[{"taxonomy":"category","embeddable":true,"href":"https:\/\/cdnoticias.com\/index.php\/wp-json\/wp\/v2\/categories?post=60799"},{"taxonomy":"post_tag","embeddable":true,"href":"https:\/\/cdnoticias.com\/index.php\/wp-json\/wp\/v2\/tags?post=60799"}],"curies":[{"name":"wp","href":"https:\/\/api.w.org\/{rel}","templated":true}]}}