{"id":60687,"date":"2022-07-21T18:00:52","date_gmt":"2022-07-21T21:00:52","guid":{"rendered":"https:\/\/www.centraldenoticias.com.ar\/?p=60687"},"modified":"2022-07-21T18:00:52","modified_gmt":"2022-07-21T21:00:52","slug":"una-familia-necesita-104-217-para-no-ser-pobre-la-canasta-subio-637-en-un-ano","status":"publish","type":"post","link":"https:\/\/cdnoticias.com\/index.php\/2022\/07\/21\/una-familia-necesita-104-217-para-no-ser-pobre-la-canasta-subio-637-en-un-ano\/","title":{"rendered":"Una familia necesita $104.217 para no ser pobre: la canasta subi\u00f3 63,7% en un a\u00f1o"},"content":{"rendered":"<div class=\"td_block_wrap tdb_single_subtitle tdi_72 td-pb-border-top td_block_template_1\" data-td-block-uid=\"tdi_72\">\n<div class=\"tdb-block-inner td-fix-index\">\n<p>Son datos del INDEC, sobre un hogar de cuatro personas. En junio aument\u00f3 4,6%.<\/p>\n<\/div>\n<\/div>\n<p><!--more--><\/p>\n<hr \/>\n<div class=\"td_block_wrap tdb_single_date tdi_73 td-pb-border-top td_block_template_1 tdb-post-meta\" data-td-block-uid=\"tdi_73\"><\/div>\n<div data-td-block-uid=\"tdi_73\">\n<p>La <strong>Canasta B\u00e1sica Total<\/strong> (CBT) registr\u00f3 en junio un aumento del 4,6%, por lo que un <strong>grupo familiar compuesto por dos adultos y dos menores necesit\u00f3 contar con ingresos por $104.217 para no caer debajo de la l\u00ednea de la pobreza.<\/strong> Adem\u00e1s, la suba con respecto al mismo mes del a\u00f1o pasado registr\u00f3 un aumento de 56,7%, seg\u00fan inform\u00f3 este jueves el INDEC.<\/p>\n<p>&nbsp;<\/p>\n<p>Por otro lado, la Canasta B\u00e1sica Alimentaria (CBA) marc\u00f3 una suba del 4,6% con respecto al mes anterior, y 63,7% con respecto hace un a\u00f1o.<strong> Adem\u00e1s, fijo en $15.057 la l\u00ednea que marca la indigencia.<\/strong><\/p>\n<p>&nbsp;<\/p>\n<\/div>\n<p>&nbsp;<\/p>\n<blockquote class=\"twitter-tweet\">\n<p dir=\"ltr\" lang=\"es\"><a href=\"https:\/\/twitter.com\/hashtag\/DatoINDEC?src=hash&amp;ref_src=twsrc%5Etfw\">#DatoINDEC<\/a><br \/>\nLas canastas b\u00e1sicas alimentaria y total aumentaron 4,6% en junio de 2022 con relaci\u00f3n a mayo, y 63,7% y 56,7% interanual, respectivamente <a href=\"https:\/\/t.co\/yS1rWh6yGX\">https:\/\/t.co\/yS1rWh6yGX<\/a> <a href=\"https:\/\/t.co\/RD0mkUC2mI\">pic.twitter.com\/RD0mkUC2mI<\/a><\/p>\n<p>\u2014 INDEC Argentina (@INDECArgentina) <a href=\"https:\/\/twitter.com\/INDECArgentina\/status\/1550194048375431169?ref_src=twsrc%5Etfw\">July 21, 2022<\/a><\/p><\/blockquote>\n<p><script async src=\"https:\/\/platform.twitter.com\/widgets.js\" charset=\"utf-8\"><\/script><\/p>\n<div data-td-block-uid=\"tdi_73\">\n<p>&nbsp;<\/p>\n<p>&nbsp;<\/p>\n<p>La CBT mide los precios de la canasta familiar m\u00e1s aquellos correspondientes a bienes y servicios no alimentarios, mientras que en la CBA se calculan los valores de los productos considerados esenciales para garantizar los est\u00e1ndares kilocal\u00f3ricos y proteicos imprescindibles.<\/p>\n<\/div>\n<p>&nbsp;<\/p>\n<p><em>Fuente: DIB\u00a0<\/em><\/p>\n","protected":false},"excerpt":{"rendered":"<p>Son datos del INDEC, sobre un hogar de cuatro personas. En junio aument\u00f3 4,6%.<\/p>\n","protected":false},"author":6,"featured_media":60690,"comment_status":"closed","ping_status":"closed","sticky":false,"template":"","format":"standard","meta":{"_jetpack_memberships_contains_paid_content":false,"footnotes":""},"categories":[6,1],"tags":[],"class_list":["post-60687","post","type-post","status-publish","format-standard","has-post-thumbnail","hentry","category-nacionales","category-portada"],"jetpack_featured_media_url":"https:\/\/i0.wp.com\/cdnoticias.com\/wp-content\/uploads\/2022\/07\/supermercado.jpg?fit=1213%2C709&ssl=1","jetpack_sharing_enabled":true,"_links":{"self":[{"href":"https:\/\/cdnoticias.com\/index.php\/wp-json\/wp\/v2\/posts\/60687","targetHints":{"allow":["GET"]}}],"collection":[{"href":"https:\/\/cdnoticias.com\/index.php\/wp-json\/wp\/v2\/posts"}],"about":[{"href":"https:\/\/cdnoticias.com\/index.php\/wp-json\/wp\/v2\/types\/post"}],"author":[{"embeddable":true,"href":"https:\/\/cdnoticias.com\/index.php\/wp-json\/wp\/v2\/users\/6"}],"replies":[{"embeddable":true,"href":"https:\/\/cdnoticias.com\/index.php\/wp-json\/wp\/v2\/comments?post=60687"}],"version-history":[{"count":0,"href":"https:\/\/cdnoticias.com\/index.php\/wp-json\/wp\/v2\/posts\/60687\/revisions"}],"wp:featuredmedia":[{"embeddable":true,"href":"https:\/\/cdnoticias.com\/index.php\/wp-json\/wp\/v2\/media\/60690"}],"wp:attachment":[{"href":"https:\/\/cdnoticias.com\/index.php\/wp-json\/wp\/v2\/media?parent=60687"}],"wp:term":[{"taxonomy":"category","embeddable":true,"href":"https:\/\/cdnoticias.com\/index.php\/wp-json\/wp\/v2\/categories?post=60687"},{"taxonomy":"post_tag","embeddable":true,"href":"https:\/\/cdnoticias.com\/index.php\/wp-json\/wp\/v2\/tags?post=60687"}],"curies":[{"name":"wp","href":"https:\/\/api.w.org\/{rel}","templated":true}]}}