{"id":60671,"date":"2022-07-21T16:55:35","date_gmt":"2022-07-21T19:55:35","guid":{"rendered":"https:\/\/www.centraldenoticias.com.ar\/?p=60671"},"modified":"2022-07-22T07:51:02","modified_gmt":"2022-07-22T10:51:02","slug":"fue-identificada-la-mujer-fallecida-en-el-impactante-accidente-de-ruta-226","status":"publish","type":"post","link":"https:\/\/cdnoticias.com\/index.php\/2022\/07\/21\/fue-identificada-la-mujer-fallecida-en-el-impactante-accidente-de-ruta-226\/","title":{"rendered":"Fue identificada la mujer fallecida en el impactante accidente de ruta 226"},"content":{"rendered":"<p>Ten\u00eda 66 a\u00f1os. Reforzaron la hip\u00f3tesis de que, a bordo de un Fiat Uno, se cruz\u00f3 intempestivamente e impact\u00f3 contra un cami\u00f3n.<!--more--><\/p>\n<hr \/>\n<p><em>(Foto: Gentileza En L\u00ednea Noticias)<\/em><\/p>\n<p>&nbsp;<\/p>\n<p>En la jornada de este jueves, lamentablemente <strong>una mujer de 66 a\u00f1os perdi\u00f3 la vida <a href=\"https:\/\/cdnoticias.com\/index.php\/2022\/07\/21\/una-olavarriense-fallecio-en-un-violento-accidente-en-ruta-226\/\" target=\"_blank\" rel=\"noopener\">al chocar, a bordo de su auto, contra un cami\u00f3n en la Ruta 226<\/a>, a la altura del ingreso a la Virgen de la Loma.<\/strong><\/p>\n<p>&nbsp;<\/p>\n<p>Si bien todav\u00eda las causas del siniestro vial se encuentran en investigaci\u00f3n,<strong> se cree que la mujer a bordo de un Fiat Uno se cruz\u00f3 de carril de forma intempestiva e impact\u00f3, de frente, contra un cami\u00f3n Scania conducido por un rafaelino quien result\u00f3 con algunos golpes y solo fue internado por precauci\u00f3n.<\/strong><\/p>\n<p>&nbsp;<\/p>\n<blockquote><p>La mujer fue identificada minutos despu\u00e9s como Stella Maris Roberto. Fue despedida en redes sociales con un profundo dolor por familiares y amigos.<\/p><\/blockquote>\n<p>&nbsp;<\/p>\n<p>Sus restos fueron trasladados a la morgue local donde se realizar\u00eda una autopsia, mientras que los <strong>peritos de Polic\u00eda Cient\u00edfica trabajaron durante m\u00e1s de una hora para determinar las causas del fatal accidente.<\/strong><\/p>\n","protected":false},"excerpt":{"rendered":"<p>Ten\u00eda 66 a\u00f1os. Reforzaron la hip\u00f3tesis de que, a bordo de un Fiat Uno, se cruz\u00f3 intempestivamente e impact\u00f3 contra<\/p>\n","protected":false},"author":2,"featured_media":60672,"comment_status":"closed","ping_status":"closed","sticky":false,"template":"","format":"standard","meta":{"_jetpack_memberships_contains_paid_content":false,"footnotes":""},"categories":[14,1],"tags":[],"class_list":["post-60671","post","type-post","status-publish","format-standard","has-post-thumbnail","hentry","category-policiales","category-portada"],"jetpack_featured_media_url":"https:\/\/i0.wp.com\/cdnoticias.com\/wp-content\/uploads\/2022\/07\/WhatsApp-Image-2022-07-21-at-12.06.25-PM.jpeg?fit=1599%2C899&ssl=1","jetpack_sharing_enabled":true,"_links":{"self":[{"href":"https:\/\/cdnoticias.com\/index.php\/wp-json\/wp\/v2\/posts\/60671","targetHints":{"allow":["GET"]}}],"collection":[{"href":"https:\/\/cdnoticias.com\/index.php\/wp-json\/wp\/v2\/posts"}],"about":[{"href":"https:\/\/cdnoticias.com\/index.php\/wp-json\/wp\/v2\/types\/post"}],"author":[{"embeddable":true,"href":"https:\/\/cdnoticias.com\/index.php\/wp-json\/wp\/v2\/users\/2"}],"replies":[{"embeddable":true,"href":"https:\/\/cdnoticias.com\/index.php\/wp-json\/wp\/v2\/comments?post=60671"}],"version-history":[{"count":0,"href":"https:\/\/cdnoticias.com\/index.php\/wp-json\/wp\/v2\/posts\/60671\/revisions"}],"wp:featuredmedia":[{"embeddable":true,"href":"https:\/\/cdnoticias.com\/index.php\/wp-json\/wp\/v2\/media\/60672"}],"wp:attachment":[{"href":"https:\/\/cdnoticias.com\/index.php\/wp-json\/wp\/v2\/media?parent=60671"}],"wp:term":[{"taxonomy":"category","embeddable":true,"href":"https:\/\/cdnoticias.com\/index.php\/wp-json\/wp\/v2\/categories?post=60671"},{"taxonomy":"post_tag","embeddable":true,"href":"https:\/\/cdnoticias.com\/index.php\/wp-json\/wp\/v2\/tags?post=60671"}],"curies":[{"name":"wp","href":"https:\/\/api.w.org\/{rel}","templated":true}]}}