{"id":60663,"date":"2022-07-22T11:08:44","date_gmt":"2022-07-22T14:08:44","guid":{"rendered":"https:\/\/www.centraldenoticias.com.ar\/?p=60663"},"modified":"2022-07-22T15:50:37","modified_gmt":"2022-07-22T18:50:37","slug":"allanamiento-con-resultado-positivo-tras-a-denuncia-de-un-robo-en-sierra-chica","status":"publish","type":"post","link":"https:\/\/cdnoticias.com\/index.php\/2022\/07\/22\/allanamiento-con-resultado-positivo-tras-a-denuncia-de-un-robo-en-sierra-chica\/","title":{"rendered":"Allanamiento con resultado positivo tras la denuncia de un robo en Sierra Chica"},"content":{"rendered":"<p>Se investiga el robo de la bater\u00eda de un auto en esa localidad. Se estableci\u00f3 la autor\u00eda y los mismos sospechosos estar\u00edan vinculados a otros il\u00edcitos denunciados en Olavarr\u00eda y en Sierra Chica.<!--more--><\/p>\n<hr \/>\n<p><strong>Dos domicilios del barrio Fonavi de Sierra Chica fueron allanados en las \u00faltimas horas<\/strong> en el marco de la investigaci\u00f3n de un robo denunciado en la localidad. La Ayudant\u00eda Fiscal que interviene en el caso avanz\u00f3 hasta establecer la autor\u00eda y vincular a los sospechosos con otros robos registrados en Olavarr\u00eda y en la misma localidad.<\/p>\n<p>&nbsp;<\/p>\n<p>Se detall\u00f3 que el caso comenz\u00f3 con la <strong>denuncia asentada en la Subcomisar\u00eda de Sierra Chica: un hombre expuso que le hab\u00edan sustra\u00eddo la bater\u00eda del auto.<\/strong><\/p>\n<p>&nbsp;<\/p>\n<p>Desde esa dependencia se iniciaron las averiguaciones y<strong> se estableci\u00f3 que cuatro hombres fueron los autores del hecho<\/strong>. Con ello se pidieron las \u00f3rdenes de allanamiento para sus respectivas viviendas, medida que se hizo efectiva este mi\u00e9rcoles.<\/p>\n<p>&nbsp;<\/p>\n<p>El personal policial de Sierra Chica, con apoyo de Comisar\u00eda Primera, Subcomisar\u00eda de Hinojo y Comando de Prevenci\u00f3n Rural <strong>se desplegaron y trabajaron en dos puntos del barrio Fonavi de Sierra Chica.<\/strong><\/p>\n<p>&nbsp;<\/p>\n<p><img data-recalc-dims=\"1\" loading=\"lazy\" decoding=\"async\" class=\"size-full wp-image-60664 aligncenter\" src=\"https:\/\/i0.wp.com\/cdnoticias.com\/wp-content\/uploads\/2022\/07\/sierra-chica-allanamientos-fonavi-01.jpg?resize=700%2C390&#038;ssl=1\" alt=\"\" width=\"700\" height=\"390\" srcset=\"https:\/\/i0.wp.com\/cdnoticias.com\/wp-content\/uploads\/2022\/07\/sierra-chica-allanamientos-fonavi-01.jpg?w=700&amp;ssl=1 700w, https:\/\/i0.wp.com\/cdnoticias.com\/wp-content\/uploads\/2022\/07\/sierra-chica-allanamientos-fonavi-01.jpg?resize=300%2C167&amp;ssl=1 300w\" sizes=\"auto, (max-width: 700px) 100vw, 700px\" \/><\/p>\n<p>&nbsp;<\/p>\n<blockquote><p>Se secuestraron una bater\u00eda de autom\u00f3vil, un arma de fuego, un criquet de autos de color rojo, un radiador el\u00e9ctrico, 5 cuchillos artesanales, un cable de rienda de m\u00e1s de 25 metros, otro cable de rienda de m\u00e1s de 6 metros, 6 tramos de cables de rienda de diferentes medidas, y dem\u00e1s elementos sobre los que se indic\u00f3 que guardan relaci\u00f3n con dos il\u00edcitos registrados en jurisdicci\u00f3n de la Comisar\u00eda Primera y de Subcomisar\u00eda Sierra Chica, respectivamente.<\/p><\/blockquote>\n<p>&nbsp;<\/p>\n<p><strong>Las actuaciones se mantienen caratuladas \u201crobo\u201d<\/strong> con intervenci\u00f3n de la Ayudant\u00eda Fiscal de Autores Ignorados a cargo de la doctora Mirta Deroni.<\/p>\n<p>&nbsp;<\/p>\n<p>Tambi\u00e9n se inform\u00f3 sobre el<strong> recogimiento de una bomba de agua centr\u00edfuga y un estufa hal\u00f3gena giratoria<\/strong>. En ese caso, se iniciaron actuaciones por<strong> \u201caveriguaci\u00f3n presunto il\u00edcito\u201d<\/strong> sobre la que tambi\u00e9n interviene la misma Ayudant\u00eda Fiscal.<\/p>\n<p>&nbsp;<\/p>\n","protected":false},"excerpt":{"rendered":"<p>Se investiga el robo de la bater\u00eda de un auto en esa localidad. Se estableci\u00f3 la autor\u00eda y los mismos<\/p>\n","protected":false},"author":4,"featured_media":60665,"comment_status":"closed","ping_status":"closed","sticky":false,"template":"","format":"standard","meta":{"_jetpack_memberships_contains_paid_content":false,"footnotes":""},"categories":[14,1],"tags":[],"class_list":["post-60663","post","type-post","status-publish","format-standard","has-post-thumbnail","hentry","category-policiales","category-portada"],"jetpack_featured_media_url":"https:\/\/i0.wp.com\/cdnoticias.com\/wp-content\/uploads\/2022\/07\/sierra-chica-allanamientos-fonavi-00.jpg?fit=800%2C445&ssl=1","jetpack_sharing_enabled":true,"_links":{"self":[{"href":"https:\/\/cdnoticias.com\/index.php\/wp-json\/wp\/v2\/posts\/60663","targetHints":{"allow":["GET"]}}],"collection":[{"href":"https:\/\/cdnoticias.com\/index.php\/wp-json\/wp\/v2\/posts"}],"about":[{"href":"https:\/\/cdnoticias.com\/index.php\/wp-json\/wp\/v2\/types\/post"}],"author":[{"embeddable":true,"href":"https:\/\/cdnoticias.com\/index.php\/wp-json\/wp\/v2\/users\/4"}],"replies":[{"embeddable":true,"href":"https:\/\/cdnoticias.com\/index.php\/wp-json\/wp\/v2\/comments?post=60663"}],"version-history":[{"count":0,"href":"https:\/\/cdnoticias.com\/index.php\/wp-json\/wp\/v2\/posts\/60663\/revisions"}],"wp:featuredmedia":[{"embeddable":true,"href":"https:\/\/cdnoticias.com\/index.php\/wp-json\/wp\/v2\/media\/60665"}],"wp:attachment":[{"href":"https:\/\/cdnoticias.com\/index.php\/wp-json\/wp\/v2\/media?parent=60663"}],"wp:term":[{"taxonomy":"category","embeddable":true,"href":"https:\/\/cdnoticias.com\/index.php\/wp-json\/wp\/v2\/categories?post=60663"},{"taxonomy":"post_tag","embeddable":true,"href":"https:\/\/cdnoticias.com\/index.php\/wp-json\/wp\/v2\/tags?post=60663"}],"curies":[{"name":"wp","href":"https:\/\/api.w.org\/{rel}","templated":true}]}}