{"id":60582,"date":"2022-07-20T11:27:45","date_gmt":"2022-07-20T14:27:45","guid":{"rendered":"https:\/\/www.centraldenoticias.com.ar\/?p=60582"},"modified":"2022-07-20T11:27:45","modified_gmt":"2022-07-20T14:27:45","slug":"realizan-un-allanamiento-en-el-marco-de-una-causa-por-abigeato","status":"publish","type":"post","link":"https:\/\/cdnoticias.com\/index.php\/2022\/07\/20\/realizan-un-allanamiento-en-el-marco-de-una-causa-por-abigeato\/","title":{"rendered":"Realizan un allanamiento en el marco de una causa por abigeato"},"content":{"rendered":"<p>Fue en un domicilio de Fassina al 2000. Secuestraron elementos de inter\u00e9s para la investigaci\u00f3n. Por el hecho hay tres imputados. <!--more--><\/p>\n<hr \/>\n<p>En las \u00faltimas horas se realiz\u00f3 un allanamiento en el marco de una <strong>investigaci\u00f3n por un hecho de abigeato ocurrido en un campo ubicado sobre ruta 226.<\/strong><\/p>\n<p>&nbsp;<\/p>\n<p>El procedimiento se llev\u00f3 a cabo por personal del Comando de Prevenci\u00f3n Rural en conjunto con efectivos de la comisar\u00eda Primera y Grupo de Apoyo Departamental.<\/p>\n<p>&nbsp;<\/p>\n<p>Fue en un domicilio ubicado en Fassina al 2000 donde secuestraron <strong>un tel\u00e9fono celular, un cuchillo y elementos de inter\u00e9s para la causa.<\/strong> Adem\u00e1s, se indic\u00f3 que <strong>por el hecho son tres los olavarrienses imputados.\u00a0<\/strong><\/p>\n","protected":false},"excerpt":{"rendered":"<p>Fue en un domicilio de Fassina al 2000. Secuestraron elementos de inter\u00e9s para la investigaci\u00f3n. Por el hecho hay tres<\/p>\n","protected":false},"author":5,"featured_media":60583,"comment_status":"closed","ping_status":"closed","sticky":false,"template":"","format":"standard","meta":{"_jetpack_memberships_contains_paid_content":false,"footnotes":""},"categories":[14,1],"tags":[],"class_list":["post-60582","post","type-post","status-publish","format-standard","has-post-thumbnail","hentry","category-policiales","category-portada"],"jetpack_featured_media_url":"https:\/\/i0.wp.com\/cdnoticias.com\/wp-content\/uploads\/2022\/07\/allanamiento-fassina2000-01.jpg?fit=1423%2C854&ssl=1","jetpack_sharing_enabled":true,"_links":{"self":[{"href":"https:\/\/cdnoticias.com\/index.php\/wp-json\/wp\/v2\/posts\/60582","targetHints":{"allow":["GET"]}}],"collection":[{"href":"https:\/\/cdnoticias.com\/index.php\/wp-json\/wp\/v2\/posts"}],"about":[{"href":"https:\/\/cdnoticias.com\/index.php\/wp-json\/wp\/v2\/types\/post"}],"author":[{"embeddable":true,"href":"https:\/\/cdnoticias.com\/index.php\/wp-json\/wp\/v2\/users\/5"}],"replies":[{"embeddable":true,"href":"https:\/\/cdnoticias.com\/index.php\/wp-json\/wp\/v2\/comments?post=60582"}],"version-history":[{"count":0,"href":"https:\/\/cdnoticias.com\/index.php\/wp-json\/wp\/v2\/posts\/60582\/revisions"}],"wp:featuredmedia":[{"embeddable":true,"href":"https:\/\/cdnoticias.com\/index.php\/wp-json\/wp\/v2\/media\/60583"}],"wp:attachment":[{"href":"https:\/\/cdnoticias.com\/index.php\/wp-json\/wp\/v2\/media?parent=60582"}],"wp:term":[{"taxonomy":"category","embeddable":true,"href":"https:\/\/cdnoticias.com\/index.php\/wp-json\/wp\/v2\/categories?post=60582"},{"taxonomy":"post_tag","embeddable":true,"href":"https:\/\/cdnoticias.com\/index.php\/wp-json\/wp\/v2\/tags?post=60582"}],"curies":[{"name":"wp","href":"https:\/\/api.w.org\/{rel}","templated":true}]}}