{"id":60553,"date":"2022-07-19T20:01:09","date_gmt":"2022-07-19T23:01:09","guid":{"rendered":"https:\/\/www.centraldenoticias.com.ar\/?p=60553"},"modified":"2022-07-20T08:59:30","modified_gmt":"2022-07-20T11:59:30","slug":"juani-agapito-fue-externado-y-continuara-la-recuperacion-en-su-casa","status":"publish","type":"post","link":"https:\/\/cdnoticias.com\/index.php\/2022\/07\/19\/juani-agapito-fue-externado-y-continuara-la-recuperacion-en-su-casa\/","title":{"rendered":"\u201cJuani\u201d Agapito fue externado y continuar\u00e1 la recuperaci\u00f3n en su casa"},"content":{"rendered":"<p>As\u00ed fue confirmado por personal del Hospital Municipal. Se aclar\u00f3 que no fue dado de alta sino que continuar\u00e1 una \u201crehabilitaci\u00f3n neurol\u00f3gica\u201d.<!--more--><\/p>\n<hr \/>\n<p>Este martes, <strong>el joven Juan Agapito de 18 a\u00f1os que result\u00f3 gravemente herido tras recibir una agresi\u00f3n de un personal de seguridad del local bailable Fomento en la madrugada del 3 de julio fue \u201cexternado\u201d del Hospital y continuar\u00e1 la recuperaci\u00f3n en su casa.<\/strong><\/p>\n<p>&nbsp;<\/p>\n<p>Cabe se\u00f1alar que, seg\u00fan lo que logr\u00f3 saber Central de Noticias,<strong> no fue dado de alta sino que continuar\u00e1 con una \u201crehabilitaci\u00f3n neurol\u00f3gica\u201d<\/strong> que el personal de salud entendi\u00f3 que podr\u00eda realizar desde su domicilio con asistencias peri\u00f3dicas al centro de salud municipal.<\/p>\n<p>&nbsp;<\/p>\n<p><strong>El hecho se produjo hace 15 d\u00edas, cuando Agapito <a href=\"https:\/\/cdnoticias.com\/index.php\/2022\/07\/05\/el-joven-agredido-a-la-salida-de-un-boliche-sigue-en-estado-critico\/\" target=\"_blank\" rel=\"noopener\">fue agredido por un personal de seguridad del boliche<\/a>.<\/strong> En un forceje\u00f3 golpe\u00f3 su cabeza contra el cord\u00f3n de la vereda y tuvo que ser trasladado con urgencia al Hospital Municipal con heridas graves y riesgo de vida.<\/p>\n<p>&nbsp;<\/p>\n<p><strong>La gravedad del hecho deriv\u00f3 en una <a href=\"https:\/\/cdnoticias.com\/index.php\/2022\/07\/06\/familiares-de-juani-agapito-se-manifestaron-en-fomento-y-pidieron-duras-medidas-judiciales\/\" target=\"_blank\" rel=\"noopener\">importante movilizaci\u00f3n<\/a> de familiares y amigos en las puertas del local bailable.<\/strong> Horas despu\u00e9s, <a href=\"https:\/\/cdnoticias.com\/index.php\/2022\/07\/11\/caso-agapito-tres-testigos-presenciales-la-clave-para-la-detencion-del-seguridad\/\" target=\"_blank\" rel=\"noopener\">el acusado de la agresi\u00f3n fue detenido<\/a> y, en paralelo, <a href=\"https:\/\/cdnoticias.com\/index.php\/2022\/07\/07\/galli-revoco-la-habilitacion-del-salon-de-baile-de-fomento-pueblo-nuevo\/\" target=\"_blank\" rel=\"noopener\">el Intendente Galli revoc\u00f3 la habilitaci\u00f3n<\/a> a Fomento, que no volvi\u00f3 a abrir sus puertas hasta hoy.<\/p>\n","protected":false},"excerpt":{"rendered":"<p>As\u00ed fue confirmado por personal del Hospital Municipal. Se aclar\u00f3 que no fue dado de alta sino que continuar\u00e1 una<\/p>\n","protected":false},"author":2,"featured_media":0,"comment_status":"closed","ping_status":"closed","sticky":false,"template":"","format":"standard","meta":{"_jetpack_memberships_contains_paid_content":false,"footnotes":""},"categories":[14,1],"tags":[],"class_list":["post-60553","post","type-post","status-publish","format-standard","hentry","category-policiales","category-portada"],"jetpack_featured_media_url":"","jetpack_sharing_enabled":true,"_links":{"self":[{"href":"https:\/\/cdnoticias.com\/index.php\/wp-json\/wp\/v2\/posts\/60553","targetHints":{"allow":["GET"]}}],"collection":[{"href":"https:\/\/cdnoticias.com\/index.php\/wp-json\/wp\/v2\/posts"}],"about":[{"href":"https:\/\/cdnoticias.com\/index.php\/wp-json\/wp\/v2\/types\/post"}],"author":[{"embeddable":true,"href":"https:\/\/cdnoticias.com\/index.php\/wp-json\/wp\/v2\/users\/2"}],"replies":[{"embeddable":true,"href":"https:\/\/cdnoticias.com\/index.php\/wp-json\/wp\/v2\/comments?post=60553"}],"version-history":[{"count":0,"href":"https:\/\/cdnoticias.com\/index.php\/wp-json\/wp\/v2\/posts\/60553\/revisions"}],"wp:attachment":[{"href":"https:\/\/cdnoticias.com\/index.php\/wp-json\/wp\/v2\/media?parent=60553"}],"wp:term":[{"taxonomy":"category","embeddable":true,"href":"https:\/\/cdnoticias.com\/index.php\/wp-json\/wp\/v2\/categories?post=60553"},{"taxonomy":"post_tag","embeddable":true,"href":"https:\/\/cdnoticias.com\/index.php\/wp-json\/wp\/v2\/tags?post=60553"}],"curies":[{"name":"wp","href":"https:\/\/api.w.org\/{rel}","templated":true}]}}