{"id":60505,"date":"2022-07-19T17:17:40","date_gmt":"2022-07-19T20:17:40","guid":{"rendered":"https:\/\/www.centraldenoticias.com.ar\/?p=60505"},"modified":"2022-07-19T20:01:23","modified_gmt":"2022-07-19T23:01:23","slug":"importante-protesta-de-sindicatos-en-las-puertas-de-el-popular-medios","status":"publish","type":"post","link":"https:\/\/cdnoticias.com\/index.php\/2022\/07\/19\/importante-protesta-de-sindicatos-en-las-puertas-de-el-popular-medios\/","title":{"rendered":"Importante protesta de sindicatos en las puertas de El Popular Medios"},"content":{"rendered":"<p>Insistieron con el inmediato pago de salarios y el aguinaldo de julio. Se trata de 60 trabajadores a los que se les adeuda, a\u00fan, el 20% del salario. \u201cLa empresa est\u00e1 en un estado de gravedad que todos sabemos\u201d dijeron. <!--more--><\/p>\n<hr \/>\n<p>En el mediod\u00eda de este martes, <strong>m\u00e1s de 50 manifestantes entre trabajadores, representantes gremiales y asistentes se convocaron en las puertas de El Popular Medios para reclamarle a la empresa que pague los salarios del mes de junio y, tambi\u00e9n, el medio aguinaldo correspondiente al primer semestre de 2022.<\/strong><\/p>\n<p>&nbsp;<\/p>\n<p>Organizado por la <strong>Asociaci\u00f3n de Periodistas de Olavarr\u00eda (APO) dentro de FATPREN, el sindicato de televisi\u00f3n SATSAID y el gremio de Gr\u00e1ficos<\/strong>, nuevamente visibilizaron la conducta empresarial de pagar los salarios en cuotas y las diversas complicaciones que eso conlleva, como la incertidumbre de cumplir con las obligaciones cotidianas con el salario.<\/p>\n<p>&nbsp;<\/p>\n<p><img data-recalc-dims=\"1\" loading=\"lazy\" decoding=\"async\" class=\"alignnone size-large wp-image-60514\" src=\"https:\/\/i0.wp.com\/cdnoticias.com\/wp-content\/uploads\/2022\/07\/protesta-EP-1024x614.jpg?resize=800%2C480&#038;ssl=1\" alt=\"\" width=\"800\" height=\"480\" srcset=\"https:\/\/i0.wp.com\/cdnoticias.com\/wp-content\/uploads\/2022\/07\/protesta-EP.jpg?resize=1024%2C614&amp;ssl=1 1024w, https:\/\/i0.wp.com\/cdnoticias.com\/wp-content\/uploads\/2022\/07\/protesta-EP.jpg?resize=300%2C180&amp;ssl=1 300w, https:\/\/i0.wp.com\/cdnoticias.com\/wp-content\/uploads\/2022\/07\/protesta-EP.jpg?resize=768%2C461&amp;ssl=1 768w, https:\/\/i0.wp.com\/cdnoticias.com\/wp-content\/uploads\/2022\/07\/protesta-EP.jpg?resize=1536%2C922&amp;ssl=1 1536w, https:\/\/i0.wp.com\/cdnoticias.com\/wp-content\/uploads\/2022\/07\/protesta-EP.jpg?w=1600&amp;ssl=1 1600w\" sizes=\"auto, (max-width: 800px) 100vw, 800px\" \/><\/p>\n<p>&nbsp;<\/p>\n<p><img data-recalc-dims=\"1\" loading=\"lazy\" decoding=\"async\" class=\"alignnone size-large wp-image-60517\" src=\"https:\/\/i0.wp.com\/cdnoticias.com\/wp-content\/uploads\/2022\/07\/protesta-EP3-1024x614.jpg?resize=800%2C480&#038;ssl=1\" alt=\"\" width=\"800\" height=\"480\" srcset=\"https:\/\/i0.wp.com\/cdnoticias.com\/wp-content\/uploads\/2022\/07\/protesta-EP3.jpg?resize=1024%2C614&amp;ssl=1 1024w, https:\/\/i0.wp.com\/cdnoticias.com\/wp-content\/uploads\/2022\/07\/protesta-EP3.jpg?resize=300%2C180&amp;ssl=1 300w, https:\/\/i0.wp.com\/cdnoticias.com\/wp-content\/uploads\/2022\/07\/protesta-EP3.jpg?resize=768%2C461&amp;ssl=1 768w, https:\/\/i0.wp.com\/cdnoticias.com\/wp-content\/uploads\/2022\/07\/protesta-EP3.jpg?resize=1536%2C922&amp;ssl=1 1536w, https:\/\/i0.wp.com\/cdnoticias.com\/wp-content\/uploads\/2022\/07\/protesta-EP3.jpg?w=1600&amp;ssl=1 1600w\" sizes=\"auto, (max-width: 800px) 100vw, 800px\" \/><\/p>\n<p>&nbsp;<\/p>\n<blockquote><p>Con un corte de calles y una \u201cchoripaneada\u201d, los bombos se hicieron sentir y el reclamo, tras una fuerte manifestaci\u00f3n d\u00edas atr\u00e1s, se volvi\u00f3 a repetir.<\/p><\/blockquote>\n<p>&nbsp;<\/p>\n<p>En di\u00e1logo con los medios, <strong>Andr\u00e9s Pellegrini (Periodistas), Hern\u00e1n Arnaiz (Televisi\u00f3n) y Gabriel Gamberini (Gr\u00e1ficos)<\/strong> explicaron el estado de situaci\u00f3n actual con salarios adeudados.<\/p>\n<p>&nbsp;<\/p>\n<p><img data-recalc-dims=\"1\" loading=\"lazy\" decoding=\"async\" class=\"alignnone size-large wp-image-60518\" src=\"https:\/\/i0.wp.com\/cdnoticias.com\/wp-content\/uploads\/2022\/07\/protesta-EP4-1024x614.jpg?resize=800%2C480&#038;ssl=1\" alt=\"\" width=\"800\" height=\"480\" srcset=\"https:\/\/i0.wp.com\/cdnoticias.com\/wp-content\/uploads\/2022\/07\/protesta-EP4.jpg?resize=1024%2C614&amp;ssl=1 1024w, https:\/\/i0.wp.com\/cdnoticias.com\/wp-content\/uploads\/2022\/07\/protesta-EP4.jpg?resize=300%2C180&amp;ssl=1 300w, https:\/\/i0.wp.com\/cdnoticias.com\/wp-content\/uploads\/2022\/07\/protesta-EP4.jpg?resize=768%2C461&amp;ssl=1 768w, https:\/\/i0.wp.com\/cdnoticias.com\/wp-content\/uploads\/2022\/07\/protesta-EP4.jpg?resize=1536%2C922&amp;ssl=1 1536w, https:\/\/i0.wp.com\/cdnoticias.com\/wp-content\/uploads\/2022\/07\/protesta-EP4.jpg?w=1600&amp;ssl=1 1600w\" sizes=\"auto, (max-width: 800px) 100vw, 800px\" \/><\/p>\n<p>&nbsp;<\/p>\n<p>Seg\u00fan explic\u00f3 Pellegrini, <strong><em>\u201cal d\u00eda de hoy, si bien se complet\u00f3 otra parte del salario de junio, no est\u00e1 la totalidad: en algunos casos resta hasta pagar el 20%. Faltar\u00eda tambi\u00e9n abonarse el Sueldo Anual Complementario y hasta el momento no tenemos respuestas de c\u00f3mo se va a abonar\u201d.<\/em><\/strong><\/p>\n<p>&nbsp;<\/p>\n<blockquote><p>Se trata de una problem\u00e1tica que afecta<em> \u201ca unos 52 empleados es la totalidad de los que integran El Popular Medios\u201d.<\/em><\/p><\/blockquote>\n<p>&nbsp;<\/p>\n<p>Con respecto a la situaci\u00f3n en la delegaci\u00f3n del Ministerio de Trabajo, <strong>hay presentaciones tanto de SATSAID como de FATPREN.<\/strong> <em>\u201cIncluye el estado de alerta y movilizaci\u00f3n como asambleas en lugar de trabajo, movilizaciones. No se llega a un paro general dado que la idea es llegar a un acuerdo con la empresa, mantenemos el di\u00e1logo abierto todos los d\u00edas pero lo que la gente est\u00e1 reclamando ac\u00e1 es previsibilidad, de larga data, hace unos 7 a\u00f1os pasa esto\u201d indic\u00f3 Pellegrini y se\u00f1al\u00f3 que \u201cla empresa aduce que no paga no porque no quiere, es porque no tiene los medios para hacerlo\u201d.<\/em><\/p>\n<p>&nbsp;<\/p>\n<p><img data-recalc-dims=\"1\" loading=\"lazy\" decoding=\"async\" class=\"alignnone size-large wp-image-60522\" src=\"https:\/\/i0.wp.com\/cdnoticias.com\/wp-content\/uploads\/2022\/07\/protesta-EP8-1024x614.jpg?resize=800%2C480&#038;ssl=1\" alt=\"\" width=\"800\" height=\"480\" srcset=\"https:\/\/i0.wp.com\/cdnoticias.com\/wp-content\/uploads\/2022\/07\/protesta-EP8.jpg?resize=1024%2C614&amp;ssl=1 1024w, https:\/\/i0.wp.com\/cdnoticias.com\/wp-content\/uploads\/2022\/07\/protesta-EP8.jpg?resize=300%2C180&amp;ssl=1 300w, https:\/\/i0.wp.com\/cdnoticias.com\/wp-content\/uploads\/2022\/07\/protesta-EP8.jpg?resize=768%2C461&amp;ssl=1 768w, https:\/\/i0.wp.com\/cdnoticias.com\/wp-content\/uploads\/2022\/07\/protesta-EP8.jpg?resize=1536%2C922&amp;ssl=1 1536w, https:\/\/i0.wp.com\/cdnoticias.com\/wp-content\/uploads\/2022\/07\/protesta-EP8.jpg?w=1600&amp;ssl=1 1600w\" sizes=\"auto, (max-width: 800px) 100vw, 800px\" \/><\/p>\n<p>&nbsp;<\/p>\n<p>Arnaiz, de SATSAID, se\u00f1al\u00f3 que <em>\u201crepresentamos a 8 compa\u00f1eros, 8 familias\u201d<\/em> y explic\u00f3 que el 11 de julio<em> \u201crealizamos una presentaci\u00f3n en el Ministerio de Trabajo de Tandil. Estamos esperando la audiencia, todav\u00eda. Esto es una cr\u00f3nica de un final anunciado: es una empresa que incumple, incumple siempre, viola las normativas laborales, paga fraccionadamente los salarios\u201d.<\/em><\/p>\n<p>&nbsp;<\/p>\n<p>Tambi\u00e9n record\u00f3 que durante 2021<strong><em> \u201cllevamos a El Popular al ministerio ac\u00e1 en Olavarr\u00eda y lo que ofrecen solucionar son curitas a la herida. Tenemos que unirnos, agradecemos a todos los compa\u00f1eros que est\u00e1n ac\u00e1 que solidariamente se han apoyado ac\u00e1\u201d.<\/em><\/strong><\/p>\n<p>&nbsp;<\/p>\n<blockquote><p>\u201cSon 60 familias que est\u00e1n comiendo guiso porque no tienen con qu\u00e9 pagar los servicios, alquileres, nada\u201d.<\/p><\/blockquote>\n<p>&nbsp;<\/p>\n<p>Se\u00f1al\u00f3 que el pedido principal al Ministerio de Trabajo es que<em> \u201cincluya a Telecom Argentina como responsable solidario, porque emite la se\u00f1al del Canal Local de esta empresa. Estamos convencidos que el Ministerio va a actuar y va a fallar para el lado del trabajador\u201d.<\/em><\/p>\n<p>&nbsp;<\/p>\n<p><img data-recalc-dims=\"1\" loading=\"lazy\" decoding=\"async\" class=\"alignnone size-large wp-image-60515\" src=\"https:\/\/i0.wp.com\/cdnoticias.com\/wp-content\/uploads\/2022\/07\/protesta-EP1-1024x614.jpg?resize=800%2C480&#038;ssl=1\" alt=\"\" width=\"800\" height=\"480\" srcset=\"https:\/\/i0.wp.com\/cdnoticias.com\/wp-content\/uploads\/2022\/07\/protesta-EP1.jpg?resize=1024%2C614&amp;ssl=1 1024w, https:\/\/i0.wp.com\/cdnoticias.com\/wp-content\/uploads\/2022\/07\/protesta-EP1.jpg?resize=300%2C180&amp;ssl=1 300w, https:\/\/i0.wp.com\/cdnoticias.com\/wp-content\/uploads\/2022\/07\/protesta-EP1.jpg?resize=768%2C461&amp;ssl=1 768w, https:\/\/i0.wp.com\/cdnoticias.com\/wp-content\/uploads\/2022\/07\/protesta-EP1.jpg?resize=1536%2C922&amp;ssl=1 1536w, https:\/\/i0.wp.com\/cdnoticias.com\/wp-content\/uploads\/2022\/07\/protesta-EP1.jpg?w=1600&amp;ssl=1 1600w\" sizes=\"auto, (max-width: 800px) 100vw, 800px\" \/><\/p>\n<p><img data-recalc-dims=\"1\" loading=\"lazy\" decoding=\"async\" class=\"alignnone size-large wp-image-60516\" src=\"https:\/\/i0.wp.com\/cdnoticias.com\/wp-content\/uploads\/2022\/07\/protesta-EP2-1024x614.jpg?resize=800%2C480&#038;ssl=1\" alt=\"\" width=\"800\" height=\"480\" srcset=\"https:\/\/i0.wp.com\/cdnoticias.com\/wp-content\/uploads\/2022\/07\/protesta-EP2.jpg?resize=1024%2C614&amp;ssl=1 1024w, https:\/\/i0.wp.com\/cdnoticias.com\/wp-content\/uploads\/2022\/07\/protesta-EP2.jpg?resize=300%2C180&amp;ssl=1 300w, https:\/\/i0.wp.com\/cdnoticias.com\/wp-content\/uploads\/2022\/07\/protesta-EP2.jpg?resize=768%2C461&amp;ssl=1 768w, https:\/\/i0.wp.com\/cdnoticias.com\/wp-content\/uploads\/2022\/07\/protesta-EP2.jpg?resize=1536%2C922&amp;ssl=1 1536w, https:\/\/i0.wp.com\/cdnoticias.com\/wp-content\/uploads\/2022\/07\/protesta-EP2.jpg?w=1600&amp;ssl=1 1600w\" sizes=\"auto, (max-width: 800px) 100vw, 800px\" \/><\/p>\n<p>&nbsp;<\/p>\n<p>Finalmente admitieron que la AFIP embarg\u00f3 las cuentas de la empresa por<em> \u201caportes impagos\u201d.<strong> \u201cLa empresa est\u00e1 en un estado de gravedad que todos sabemos, m\u00e1s los trabajadores\u201d<\/strong><\/em>. Pellegrini en este sentido dijo que oficialmente se\u00f1alaron <em>\u201cgestiones para destrabar eso pero puede durar d\u00edas\u201d.<\/em><\/p>\n<p>&nbsp;<\/p>\n<p>Los sueldos de los trabajadores, indicaron, <strong>rondan en promedio entre 60 y 70 mil pesos mensuales.<\/strong><\/p>\n","protected":false},"excerpt":{"rendered":"<p>Insistieron con el inmediato pago de salarios y el aguinaldo de julio. Se trata de 60 trabajadores a los que<\/p>\n","protected":false},"author":2,"featured_media":60521,"comment_status":"closed","ping_status":"closed","sticky":false,"template":"","format":"standard","meta":{"_jetpack_memberships_contains_paid_content":false,"footnotes":""},"categories":[5,1],"tags":[],"class_list":["post-60505","post","type-post","status-publish","format-standard","has-post-thumbnail","hentry","category-informacion-general","category-portada"],"jetpack_featured_media_url":"https:\/\/i0.wp.com\/cdnoticias.com\/wp-content\/uploads\/2022\/07\/protesta-EP7.jpg?fit=1600%2C960&ssl=1","jetpack_sharing_enabled":true,"_links":{"self":[{"href":"https:\/\/cdnoticias.com\/index.php\/wp-json\/wp\/v2\/posts\/60505","targetHints":{"allow":["GET"]}}],"collection":[{"href":"https:\/\/cdnoticias.com\/index.php\/wp-json\/wp\/v2\/posts"}],"about":[{"href":"https:\/\/cdnoticias.com\/index.php\/wp-json\/wp\/v2\/types\/post"}],"author":[{"embeddable":true,"href":"https:\/\/cdnoticias.com\/index.php\/wp-json\/wp\/v2\/users\/2"}],"replies":[{"embeddable":true,"href":"https:\/\/cdnoticias.com\/index.php\/wp-json\/wp\/v2\/comments?post=60505"}],"version-history":[{"count":0,"href":"https:\/\/cdnoticias.com\/index.php\/wp-json\/wp\/v2\/posts\/60505\/revisions"}],"wp:featuredmedia":[{"embeddable":true,"href":"https:\/\/cdnoticias.com\/index.php\/wp-json\/wp\/v2\/media\/60521"}],"wp:attachment":[{"href":"https:\/\/cdnoticias.com\/index.php\/wp-json\/wp\/v2\/media?parent=60505"}],"wp:term":[{"taxonomy":"category","embeddable":true,"href":"https:\/\/cdnoticias.com\/index.php\/wp-json\/wp\/v2\/categories?post=60505"},{"taxonomy":"post_tag","embeddable":true,"href":"https:\/\/cdnoticias.com\/index.php\/wp-json\/wp\/v2\/tags?post=60505"}],"curies":[{"name":"wp","href":"https:\/\/api.w.org\/{rel}","templated":true}]}}