{"id":60500,"date":"2022-07-19T12:12:54","date_gmt":"2022-07-19T15:12:54","guid":{"rendered":"https:\/\/www.centraldenoticias.com.ar\/?p=60500"},"modified":"2022-07-19T12:12:54","modified_gmt":"2022-07-19T15:12:54","slug":"cuales-son-las-actividades-recreativas-municipales-de-este-martes","status":"publish","type":"post","link":"https:\/\/cdnoticias.com\/index.php\/2022\/07\/19\/cuales-son-las-actividades-recreativas-municipales-de-este-martes\/","title":{"rendered":"\u00bfCu\u00e1les son las actividades recreativas municipales de este martes?"},"content":{"rendered":"<p>La propuesta de la Municipalidad de Olavarr\u00eda para una nueva jornada de vacaciones de invierno. Los detalles.<!--more--><\/p>\n<hr \/>\n<p>Con motivo del inicio de las vacaciones de invierno desde diversas \u00e1reas y espacios de la Municipalidad de Olavarr\u00eda se ofrecen todo tipo de actividades recreativas para disfrutar en familia. A continuaci\u00f3n el detalle de todas las actividades. A la par, si quer\u00e9s consultar el cronograma completo<a href=\"https:\/\/www.olavarria.gov.ar\/wp-content\/uploads\/2022\/07\/Cronograma-Vacaciones-Invierno-julio-2022.pdf\" target=\"_blank\" rel=\"noopener\"> hace click aqu\u00ed.<\/a><\/p>\n<p>&nbsp;<\/p>\n<p><strong>Centro Cultural Municipal \u201cSan Jos\u00e9\u201d<\/strong><\/p>\n<p>14 a 19 horas: Muestra \u201cDe mayor a menor\u201d de Chanti, exposici\u00f3n l\u00fadica e interactiva.<\/p>\n<p>&nbsp;<\/p>\n<p><strong>Museo D\u00e1maso Arce<\/strong><\/p>\n<p>15 horas: Taller de reciclado. Destinado a ni\u00f1os\/as de 6 a 8 a\u00f1os. Inscripci\u00f3n al mail: museo.damasoarce@olavarria.gov.ar<\/p>\n<p>&nbsp;<\/p>\n<p><strong>Museo Municipal de Ciencias<\/strong><\/p>\n<p>14 horas: Descubriendo acertijos matem\u00e1ticos y Sistema solar en realidad aumentada (todo p\u00fablico)<\/p>\n<p>15 horas: Taller de animaci\u00f3n Stop Motion. (Cupo limitado \/ De 10 a 13 a\u00f1os). Inscripci\u00f3n en museodelasciencias@olavarria.gov.ar<\/p>\n<p>&nbsp;<\/p>\n<p><strong>Museo Municipal de Colonia San Miguel<\/strong><\/p>\n<p>8 a 13 horas: Visita guiada por el patrimonio permanente del museo.<\/p>\n<p>&nbsp;<\/p>\n<p><strong>Centro Cultural Municipal de Sierras Bayas<\/strong><\/p>\n<p>16 horas: Taller de danza cl\u00e1sica, a cargo de la profesora de la Escuela Municipal de Danzas, Lucia Span. Destinado a ni\u00f1os\/as, adolescentes y j\u00f3venes.<\/p>\n<p>&nbsp;<\/p>\n<p><strong>Club Atl\u00e9tico Sierra Chica<\/strong><\/p>\n<p>16 horas: Espect\u00e1culo a cargo de \u201cLas Rocker\u00edsticas\u201d y Caty Weslate.<\/p>\n<p>&nbsp;<\/p>\n<p><strong>Bioparque Municipal \u201cLa M\u00e1xima\u201d<\/strong><\/p>\n<p>14 horas: Calesita de Ilusiones.<\/p>\n<p>14 horas: Taller de amasado de pan en horno de le\u00f1a y recorrido guiado por el Bioparque. Destinado a p\u00fablico en general. Requiere inscripci\u00f3n previa. Lugar de encuentro: La Casona. Inscripci\u00f3n al telef\u00f3no (02284) 423211, en el horario de 9 a 12 horas.<\/p>\n","protected":false},"excerpt":{"rendered":"<p>La propuesta de la Municipalidad de Olavarr\u00eda para una nueva jornada de vacaciones de invierno. Los detalles.<\/p>\n","protected":false},"author":5,"featured_media":56706,"comment_status":"closed","ping_status":"closed","sticky":false,"template":"","format":"standard","meta":{"_jetpack_memberships_contains_paid_content":false,"footnotes":""},"categories":[9,1],"tags":[],"class_list":["post-60500","post","type-post","status-publish","format-standard","has-post-thumbnail","hentry","category-cultura","category-portada"],"jetpack_featured_media_url":"https:\/\/i0.wp.com\/cdnoticias.com\/wp-content\/uploads\/2022\/06\/Fachada-Centro-Cultural-1024x682-1.jpg?fit=1024%2C682&ssl=1","jetpack_sharing_enabled":true,"_links":{"self":[{"href":"https:\/\/cdnoticias.com\/index.php\/wp-json\/wp\/v2\/posts\/60500","targetHints":{"allow":["GET"]}}],"collection":[{"href":"https:\/\/cdnoticias.com\/index.php\/wp-json\/wp\/v2\/posts"}],"about":[{"href":"https:\/\/cdnoticias.com\/index.php\/wp-json\/wp\/v2\/types\/post"}],"author":[{"embeddable":true,"href":"https:\/\/cdnoticias.com\/index.php\/wp-json\/wp\/v2\/users\/5"}],"replies":[{"embeddable":true,"href":"https:\/\/cdnoticias.com\/index.php\/wp-json\/wp\/v2\/comments?post=60500"}],"version-history":[{"count":0,"href":"https:\/\/cdnoticias.com\/index.php\/wp-json\/wp\/v2\/posts\/60500\/revisions"}],"wp:featuredmedia":[{"embeddable":true,"href":"https:\/\/cdnoticias.com\/index.php\/wp-json\/wp\/v2\/media\/56706"}],"wp:attachment":[{"href":"https:\/\/cdnoticias.com\/index.php\/wp-json\/wp\/v2\/media?parent=60500"}],"wp:term":[{"taxonomy":"category","embeddable":true,"href":"https:\/\/cdnoticias.com\/index.php\/wp-json\/wp\/v2\/categories?post=60500"},{"taxonomy":"post_tag","embeddable":true,"href":"https:\/\/cdnoticias.com\/index.php\/wp-json\/wp\/v2\/tags?post=60500"}],"curies":[{"name":"wp","href":"https:\/\/api.w.org\/{rel}","templated":true}]}}