{"id":60496,"date":"2022-07-19T11:20:33","date_gmt":"2022-07-19T14:20:33","guid":{"rendered":"https:\/\/www.centraldenoticias.com.ar\/?p=60496"},"modified":"2022-07-19T11:20:33","modified_gmt":"2022-07-19T14:20:33","slug":"tres-hombres-fueron-atrapados-cortando-cables-en-sierra-chica","status":"publish","type":"post","link":"https:\/\/cdnoticias.com\/index.php\/2022\/07\/19\/tres-hombres-fueron-atrapados-cortando-cables-en-sierra-chica\/","title":{"rendered":"Tres hombres fueron atrapados cortando cables en Sierra Chica"},"content":{"rendered":"<p>Tienen 20, 25 y 27 a\u00f1os y resultaron aprehendidos por personal policial de la localidad. Interviene la UFI N\u00ba 10.<!--more--><\/p>\n<hr \/>\n<p>Tres hombres de <strong>20, 25 y 27 a\u00f1os<\/strong> fueron aprehendidos por personal policial de la subcomisar\u00eda de Sierra Chica. Seg\u00fan se inform\u00f3, los atraparon<strong> cortando cables de la red de telefon\u00eda en \u00c1lvaro Barros y Mitre.<\/strong><\/p>\n<p>&nbsp;<\/p>\n<p>Fueron recogidos<strong> 20 metros de cables, una tijera de cortar candados y un cortaplumas.<\/strong><\/p>\n<p>&nbsp;<\/p>\n<p>Trasladaron a los hombres a la sede policial a disposici\u00f3n de la <strong>UFI N\u00ba 10 a cargo del doctor Miguel Pi\u00f1eiro.<\/strong> La causa est\u00e1 caratulada como \u201crobo infraganti delito en grado de tentativa agravado por escalamiento en poblado y en banda\u201d.<\/p>\n","protected":false},"excerpt":{"rendered":"<p>Tienen 20, 25 y 27 a\u00f1os y resultaron aprehendidos por personal policial de la localidad. Interviene la UFI N\u00ba 10.<\/p>\n","protected":false},"author":5,"featured_media":60497,"comment_status":"closed","ping_status":"closed","sticky":false,"template":"","format":"standard","meta":{"_jetpack_memberships_contains_paid_content":false,"footnotes":""},"categories":[14,1],"tags":[],"class_list":["post-60496","post","type-post","status-publish","format-standard","has-post-thumbnail","hentry","category-policiales","category-portada"],"jetpack_featured_media_url":"https:\/\/i0.wp.com\/cdnoticias.com\/wp-content\/uploads\/2022\/07\/aprehendidos-sierrachica.jpg?fit=621%2C448&ssl=1","jetpack_sharing_enabled":true,"_links":{"self":[{"href":"https:\/\/cdnoticias.com\/index.php\/wp-json\/wp\/v2\/posts\/60496","targetHints":{"allow":["GET"]}}],"collection":[{"href":"https:\/\/cdnoticias.com\/index.php\/wp-json\/wp\/v2\/posts"}],"about":[{"href":"https:\/\/cdnoticias.com\/index.php\/wp-json\/wp\/v2\/types\/post"}],"author":[{"embeddable":true,"href":"https:\/\/cdnoticias.com\/index.php\/wp-json\/wp\/v2\/users\/5"}],"replies":[{"embeddable":true,"href":"https:\/\/cdnoticias.com\/index.php\/wp-json\/wp\/v2\/comments?post=60496"}],"version-history":[{"count":0,"href":"https:\/\/cdnoticias.com\/index.php\/wp-json\/wp\/v2\/posts\/60496\/revisions"}],"wp:featuredmedia":[{"embeddable":true,"href":"https:\/\/cdnoticias.com\/index.php\/wp-json\/wp\/v2\/media\/60497"}],"wp:attachment":[{"href":"https:\/\/cdnoticias.com\/index.php\/wp-json\/wp\/v2\/media?parent=60496"}],"wp:term":[{"taxonomy":"category","embeddable":true,"href":"https:\/\/cdnoticias.com\/index.php\/wp-json\/wp\/v2\/categories?post=60496"},{"taxonomy":"post_tag","embeddable":true,"href":"https:\/\/cdnoticias.com\/index.php\/wp-json\/wp\/v2\/tags?post=60496"}],"curies":[{"name":"wp","href":"https:\/\/api.w.org\/{rel}","templated":true}]}}