{"id":60486,"date":"2022-07-19T10:21:03","date_gmt":"2022-07-19T13:21:03","guid":{"rendered":"https:\/\/www.centraldenoticias.com.ar\/?p=60486"},"modified":"2022-07-19T12:32:27","modified_gmt":"2022-07-19T15:32:27","slug":"un-olavarriense-resulto-herido-en-un-accidente-en-ruta-3","status":"publish","type":"post","link":"https:\/\/cdnoticias.com\/index.php\/2022\/07\/19\/un-olavarriense-resulto-herido-en-un-accidente-en-ruta-3\/","title":{"rendered":"Un olavarriense result\u00f3 herido en un accidente en ruta 3"},"content":{"rendered":"<p>Chocaron un cami\u00f3n y un utilitario. Ocurri\u00f3 a la altura del kil\u00f3metro 306. El hombre oriundo de nuestra ciudad fue trasladado al Hospital Municipal de Azul.<!--more--><\/p>\n<hr \/>\n<p>Durante la noche del lunes se produjo un accidente de tr\u00e1nsito en el kil\u00f3metro 306 de la ruta 3. <strong>All\u00ed chocaron un cami\u00f3n marca Iveco conducido por Joaqu\u00edn Palacios de 22 a\u00f1os, oriundo de Azul y un utilitario conducido por Cristian Iv\u00e1n Lardapide de 31 a\u00f1os, de Olavarr\u00eda.<\/strong><\/p>\n<p>&nbsp;<\/p>\n<p>Seg\u00fan se inform\u00f3, el cami\u00f3n circulaba en direcci\u00f3n Olavarr\u00eda hacia Azul, mientras que el utilitario lo hac\u00eda en la direcci\u00f3n contraria.<\/p>\n<p>&nbsp;<\/p>\n<p>C\u00f3mo consecuencia del choque, <strong>el olavarriense debi\u00f3 ser trasladado al Hospital Municipal \u201cDr. \u00c1ngel Pintos\u201d<\/strong> para ser atendido por lesiones leves.<\/p>\n<p>&nbsp;<\/p>\n<p><img data-recalc-dims=\"1\" loading=\"lazy\" decoding=\"async\" class=\"aligncenter size-full wp-image-60489\" src=\"https:\/\/i0.wp.com\/cdnoticias.com\/wp-content\/uploads\/2022\/07\/accidente02-ruta3-01.jpg?resize=800%2C450&#038;ssl=1\" alt=\"\" width=\"800\" height=\"450\" srcset=\"https:\/\/i0.wp.com\/cdnoticias.com\/wp-content\/uploads\/2022\/07\/accidente02-ruta3-01.jpg?w=1280&amp;ssl=1 1280w, https:\/\/i0.wp.com\/cdnoticias.com\/wp-content\/uploads\/2022\/07\/accidente02-ruta3-01.jpg?resize=300%2C169&amp;ssl=1 300w, https:\/\/i0.wp.com\/cdnoticias.com\/wp-content\/uploads\/2022\/07\/accidente02-ruta3-01.jpg?resize=1024%2C576&amp;ssl=1 1024w, https:\/\/i0.wp.com\/cdnoticias.com\/wp-content\/uploads\/2022\/07\/accidente02-ruta3-01.jpg?resize=768%2C432&amp;ssl=1 768w\" sizes=\"auto, (max-width: 800px) 100vw, 800px\" \/><\/p>\n<p>&nbsp;<\/p>\n<p>Trabajaron en el lugar del hecho, agentes de peajes, polic\u00eda de vial Azul y personal de gendarmer\u00eda nacional.<\/p>\n<p>&nbsp;<\/p>\n<p>Se instruy\u00f3 causa por<strong> \u201cLesiones leves\u201d<\/strong> con intervenci\u00f3n de la UFI 13 del departamento judicial de Azul.<\/p>\n<p>&nbsp;<\/p>\n<p><em>Fotos y fuente: Noticias de Azul.<\/em><\/p>\n","protected":false},"excerpt":{"rendered":"<p>Chocaron un cami\u00f3n y un utilitario. Ocurri\u00f3 a la altura del kil\u00f3metro 306. El hombre oriundo de nuestra ciudad fue<\/p>\n","protected":false},"author":5,"featured_media":60487,"comment_status":"closed","ping_status":"closed","sticky":false,"template":"","format":"standard","meta":{"_jetpack_memberships_contains_paid_content":false,"footnotes":""},"categories":[14,1],"tags":[],"class_list":["post-60486","post","type-post","status-publish","format-standard","has-post-thumbnail","hentry","category-policiales","category-portada"],"jetpack_featured_media_url":"https:\/\/i0.wp.com\/cdnoticias.com\/wp-content\/uploads\/2022\/07\/accidente-ruta3-00.jpg?fit=1170%2C1123&ssl=1","jetpack_sharing_enabled":true,"_links":{"self":[{"href":"https:\/\/cdnoticias.com\/index.php\/wp-json\/wp\/v2\/posts\/60486","targetHints":{"allow":["GET"]}}],"collection":[{"href":"https:\/\/cdnoticias.com\/index.php\/wp-json\/wp\/v2\/posts"}],"about":[{"href":"https:\/\/cdnoticias.com\/index.php\/wp-json\/wp\/v2\/types\/post"}],"author":[{"embeddable":true,"href":"https:\/\/cdnoticias.com\/index.php\/wp-json\/wp\/v2\/users\/5"}],"replies":[{"embeddable":true,"href":"https:\/\/cdnoticias.com\/index.php\/wp-json\/wp\/v2\/comments?post=60486"}],"version-history":[{"count":0,"href":"https:\/\/cdnoticias.com\/index.php\/wp-json\/wp\/v2\/posts\/60486\/revisions"}],"wp:featuredmedia":[{"embeddable":true,"href":"https:\/\/cdnoticias.com\/index.php\/wp-json\/wp\/v2\/media\/60487"}],"wp:attachment":[{"href":"https:\/\/cdnoticias.com\/index.php\/wp-json\/wp\/v2\/media?parent=60486"}],"wp:term":[{"taxonomy":"category","embeddable":true,"href":"https:\/\/cdnoticias.com\/index.php\/wp-json\/wp\/v2\/categories?post=60486"},{"taxonomy":"post_tag","embeddable":true,"href":"https:\/\/cdnoticias.com\/index.php\/wp-json\/wp\/v2\/tags?post=60486"}],"curies":[{"name":"wp","href":"https:\/\/api.w.org\/{rel}","templated":true}]}}