{"id":60460,"date":"2022-07-18T20:11:27","date_gmt":"2022-07-18T23:11:27","guid":{"rendered":"https:\/\/www.centraldenoticias.com.ar\/?p=60460"},"modified":"2022-07-19T08:28:35","modified_gmt":"2022-07-19T11:28:35","slug":"una-mujer-resulto-con-heridas-de-consideracion-en-violento-accidente","status":"publish","type":"post","link":"https:\/\/cdnoticias.com\/index.php\/2022\/07\/18\/una-mujer-resulto-con-heridas-de-consideracion-en-violento-accidente\/","title":{"rendered":"Una mujer result\u00f3 con heridas de consideraci\u00f3n en violento accidente"},"content":{"rendered":"<p>Se registr\u00f3 en la tarde noche de este lunes, en Jun\u00edn y Trabajadores. Fue trasladada de urgencia al Hospital Municipal. <!--more--><\/p>\n<hr \/>\n<p>Pasadas las 18:30 horas<strong> un violento accidente en el cruce de avenida Trabajadores y Jun\u00edn dej\u00f3 como saldo a una motociclista con heridas de consideraci\u00f3n en su cara tras ser embestida por una camioneta.<\/strong><\/p>\n<p>&nbsp;<\/p>\n<p>Seg\u00fan testigos que presenciaron el hecho, <strong>la mujer, que se desempe\u00f1a como motomandados, fue impactada por una camioneta Chevrolet S10 que, tras el siniestro, se fue del lugar. Pocos minutos despu\u00e9s volvi\u00f3 al lugar.<\/strong><\/p>\n<p>&nbsp;<\/p>\n<p>La conductora de la moto tuvo que ser asistida de urgencia por personal de Salud a bordo de una ambulancia del SAME por un golpe de consideraci\u00f3n en su rostro, m\u00e1s precisamente en la zona de la mand\u00edbula.<strong> Fue trasladada al Hospital Municipal donde por estos minutos le realizaban las primeras atenciones.<\/strong><\/p>\n<p>&nbsp;<\/p>\n<p>En el lugar intervino el Comando de Patrullas que adem\u00e1s de colaborar en las tareas de asistencia a la mujer herida, realiz\u00f3 un corte de tr\u00e1nsito que, <strong>por las caracter\u00edsticas de la avenida, permite la circulaci\u00f3n con un peque\u00f1o desv\u00edo por las bajadas de la cinta asf\u00e1ltica.<\/strong><\/p>\n","protected":false},"excerpt":{"rendered":"<p>Se registr\u00f3 en la tarde noche de este lunes, en Jun\u00edn y Trabajadores. Fue trasladada de urgencia al Hospital Municipal.<\/p>\n","protected":false},"author":2,"featured_media":40307,"comment_status":"closed","ping_status":"closed","sticky":false,"template":"","format":"standard","meta":{"_jetpack_memberships_contains_paid_content":false,"footnotes":""},"categories":[14,1],"tags":[],"class_list":["post-60460","post","type-post","status-publish","format-standard","has-post-thumbnail","hentry","category-policiales","category-portada"],"jetpack_featured_media_url":"https:\/\/i0.wp.com\/cdnoticias.com\/wp-content\/uploads\/2021\/12\/patru.jpg?fit=636%2C354&ssl=1","jetpack_sharing_enabled":true,"_links":{"self":[{"href":"https:\/\/cdnoticias.com\/index.php\/wp-json\/wp\/v2\/posts\/60460","targetHints":{"allow":["GET"]}}],"collection":[{"href":"https:\/\/cdnoticias.com\/index.php\/wp-json\/wp\/v2\/posts"}],"about":[{"href":"https:\/\/cdnoticias.com\/index.php\/wp-json\/wp\/v2\/types\/post"}],"author":[{"embeddable":true,"href":"https:\/\/cdnoticias.com\/index.php\/wp-json\/wp\/v2\/users\/2"}],"replies":[{"embeddable":true,"href":"https:\/\/cdnoticias.com\/index.php\/wp-json\/wp\/v2\/comments?post=60460"}],"version-history":[{"count":0,"href":"https:\/\/cdnoticias.com\/index.php\/wp-json\/wp\/v2\/posts\/60460\/revisions"}],"wp:featuredmedia":[{"embeddable":true,"href":"https:\/\/cdnoticias.com\/index.php\/wp-json\/wp\/v2\/media\/40307"}],"wp:attachment":[{"href":"https:\/\/cdnoticias.com\/index.php\/wp-json\/wp\/v2\/media?parent=60460"}],"wp:term":[{"taxonomy":"category","embeddable":true,"href":"https:\/\/cdnoticias.com\/index.php\/wp-json\/wp\/v2\/categories?post=60460"},{"taxonomy":"post_tag","embeddable":true,"href":"https:\/\/cdnoticias.com\/index.php\/wp-json\/wp\/v2\/tags?post=60460"}],"curies":[{"name":"wp","href":"https:\/\/api.w.org\/{rel}","templated":true}]}}